{"id":1410,"date":"2022-01-11T16:16:28","date_gmt":"2022-01-11T15:16:28","guid":{"rendered":"http:\/\/escaut.etab.ac-lille.fr\/?p=1410"},"modified":"2025-01-16T20:11:59","modified_gmt":"2025-01-16T19:11:59","slug":"bts-pilotage-de-procedes-pp","status":"publish","type":"post","link":"https:\/\/www.lycee-escaut.fr\/index.php\/2022\/01\/11\/bts-pilotage-de-procedes-pp\/","title":{"rendered":"BTS Pilotage de Proc\u00e9d\u00e9s (PP)"},"content":{"rendered":"\n<p>Le brevet de technicien sup\u00e9rieur se pr\u00e9pare en 2 ans apr\u00e8s le bac. L\u2019acc\u00e8s est s\u00e9lectif et le rythme de travail soutenu. Pas de d\u00e9paysement majeur par rapport \u00e0 l\u2019ann\u00e9e de terminale, mais un accent sur la professionnalisation. En effet, le dipl\u00f4me correspond \u00e0 une cible professionnelle pr\u00e9cise, r\u00e9pondant aux besoins des entreprises.<\/p>\n\n\n\n<h2 class=\"wp-block-heading\" id=\"role-du-technicien-en-pilotage-de-procedes\">R\u00f4le du technicien en Pilotage de Proc\u00e9d\u00e9s<\/h2>\n\n\n\n<p><strong>Le technicien sup\u00e9rieur \u00ab Pilotage de proc\u00e9d\u00e9s \u00bb<\/strong> conduit et am\u00e9liore au quotidien la production d\u2019un atelier, d\u2019une unit\u00e9 de fabrication ou de conditionnement. Travaillant dans le cadre des r\u00e8gles QHSSE, il anime une \u00e9quipe d\u2019op\u00e9rateurs et doit r\u00e9soudre les probl\u00e8mes courants li\u00e9s \u00e0 l\u2019activit\u00e9. Il intervient dans la production sur tous les aspects d\u2019optimisation des proc\u00e9d\u00e9s pour la fabrication des produits existants et nouveaux.<\/p>\n\n\n\n<p><strong>Retrouvez la fiche formation en suivant <\/strong>ce lien [<a href=\"https:\/\/www.lycee-escaut.fr\/wp-content\/uploads\/2025\/01\/Fiche-formation-2025_BTS-PP.pdf\" data-type=\"link\" data-id=\"https:\/\/www.lycee-escaut.fr\/wp-content\/uploads\/2025\/01\/Fiche-formation-2025_BTS-PP.pdf\">LIEN FICHE<\/a>]<\/p>\n\n\n\n<iframe loading=\"lazy\" src=\"https:\/\/podeduc.apps.education.fr\/video\/75760-presentation-bts-pp\/?is_iframe=true\" width=\"640\" height=\"360\" style=\"padding: 0; margin: 0; border:0\" allowfullscreen=\"\" title=\"Pr\u00e9sentation BTS PP\"><\/iframe>\n\n\n\n<h2 class=\"wp-block-heading\" id=\"immersion-2022-et-si-vous-y-participiez\">Immersion 2025 : et si vous y participiez ?<\/h2>\n\n\n\n<p>Le lyc\u00e9e de l&rsquo;Escaut vous donne l&rsquo;opportunit\u00e9 de d\u00e9couvrir le BTS Pilotage de Proc\u00e9d\u00e9s de l&rsquo;int\u00e9rieur. Int\u00e9grez l&rsquo;une de nos classes pendant une journ\u00e9e, et rencontrez nos \u00e9l\u00e8ves, nos professeurs et nos installations. L&rsquo;objectif ? Vous assurer de faire le bon choix dans votre parcours scolaire. <\/p>\n\n\n\n<p class=\"has-text-align-center\"><strong>Venez en immersion dans notre \u00e9tablissement en vous inscrivant en quelques clics <\/strong>\ud83d\udc47<\/p>\n\n\n<div class=\"wp-block-image\">\n<figure class=\"aligncenter size-full\"><img decoding=\"async\" src=\"https:\/\/escaut.etab.ac-lille.fr\/files\/2022\/02\/inscrisTOI-1.png\" alt=\"\" class=\"wp-image-1657\"\/><figcaption class=\"wp-element-caption\">Hall G\u00e9nie des Proc\u00e9d\u00e9s du lyc\u00e9e de l&rsquo;Escaut 2021<\/figcaption><\/figure>\n<\/div>\n\n\n<div class=\"wp-block-buttons is-layout-flex wp-block-buttons-is-layout-flex\">\n<div class=\"wp-block-button has-custom-width wp-block-button__width-100\"><a class=\"wp-block-button__link has-vivid-cyan-blue-background-color has-background wp-element-button\" href=\"https:\/\/forms.gle\/iKakMaBgm5pqxE158\">Je m\u2019inscris<\/a><\/div>\n<\/div>\n\n\n\n<h2 class=\"wp-block-heading\" id=\"pourquoi-choisir-le-lycee-de-l-escaut\">Pourquoi choisir le lyc\u00e9e de l&rsquo;Escaut ?<\/h2>\n\n\n\n<p>La r\u00e9ussite et l\u2019insertion professionnelle future de nos apprenants constituent une priorit\u00e9 pour nos \u00e9quipes. Nous souhaitons, pour cela, que notre \u00e9tablissement soit un v\u00e9ritable lieu de vie permettant l\u2019\u00e9panouissement des jeunes dans leurs parcours de formation.<\/p>\n\n\n\n<p>Pour plus d&rsquo;informations, contacter le Directeur D\u00e9l\u00e9gu\u00e9 aux Formations Professionnelles et Technologiques \u00e0 l\u2019adresse suivante: <strong><em>ddfpt.0595809u@ac-lille.fr <\/em><\/strong><\/p>\n\n\n\n<p>A tr\u00e8s vite<\/p>\n\n\n<div class=\"wp-block-image\">\n<figure class=\"aligncenter size-large\"><img decoding=\"async\" src=\"https:\/\/escaut.etab.ac-lille.fr\/files\/2022\/01\/20201209_104926-1024x576.jpg\" alt=\"\" class=\"wp-image-1414\"\/><figcaption class=\"wp-element-caption\">Section apprentissage du lyc\u00e9e de l&rsquo;Escaut &#8211; session 2021<\/figcaption><\/figure>\n<\/div>\n\n<div class=\"wp-block-image\">\n<figure class=\"aligncenter size-large\"><img decoding=\"async\" src=\"https:\/\/escaut.etab.ac-lille.fr\/files\/2024\/01\/baniere-logo_2024-5-1024x256.png\" alt=\"\" class=\"wp-image-2249\"\/><\/figure>\n<\/div>","protected":false},"excerpt":{"rendered":"<p>Le brevet de technicien sup\u00e9rieur se pr\u00e9pare en 2 ans apr\u00e8s le bac. L\u2019acc\u00e8s est s\u00e9lectif et le rythme de travail soutenu. Pas de d\u00e9paysement majeur par rapport \u00e0 l\u2019ann\u00e9e de terminale, mais un accent sur la professionnalisation. En effet, le dipl\u00f4me correspond \u00e0 une cible professionnelle pr\u00e9cise, r\u00e9pondant aux besoins des entreprises. R\u00f4le du [&hellip;]<\/p>\n","protected":false},"author":1,"featured_media":2573,"comment_status":"open","ping_status":"open","sticky":false,"template":"","format":"standard","meta":{"footnotes":""},"categories":[8],"tags":[],"class_list":{"0":"post-1410","1":"post","2":"type-post","3":"status-publish","4":"format-standard","5":"has-post-thumbnail","7":"category-formations-post-bac","8":"czr-hentry"},"_links":{"self":[{"href":"https:\/\/www.lycee-escaut.fr\/index.php\/wp-json\/wp\/v2\/posts\/1410","targetHints":{"allow":["GET"]}}],"collection":[{"href":"https:\/\/www.lycee-escaut.fr\/index.php\/wp-json\/wp\/v2\/posts"}],"about":[{"href":"https:\/\/www.lycee-escaut.fr\/index.php\/wp-json\/wp\/v2\/types\/post"}],"author":[{"embeddable":true,"href":"https:\/\/www.lycee-escaut.fr\/index.php\/wp-json\/wp\/v2\/users\/1"}],"replies":[{"embeddable":true,"href":"https:\/\/www.lycee-escaut.fr\/index.php\/wp-json\/wp\/v2\/comments?post=1410"}],"version-history":[{"count":5,"href":"https:\/\/www.lycee-escaut.fr\/index.php\/wp-json\/wp\/v2\/posts\/1410\/revisions"}],"predecessor-version":[{"id":2872,"href":"https:\/\/www.lycee-escaut.fr\/index.php\/wp-json\/wp\/v2\/posts\/1410\/revisions\/2872"}],"wp:featuredmedia":[{"embeddable":true,"href":"https:\/\/www.lycee-escaut.fr\/index.php\/wp-json\/wp\/v2\/media\/2573"}],"wp:attachment":[{"href":"https:\/\/www.lycee-escaut.fr\/index.php\/wp-json\/wp\/v2\/media?parent=1410"}],"wp:term":[{"taxonomy":"category","embeddable":true,"href":"https:\/\/www.lycee-escaut.fr\/index.php\/wp-json\/wp\/v2\/categories?post=1410"},{"taxonomy":"post_tag","embeddable":true,"href":"https:\/\/www.lycee-escaut.fr\/index.php\/wp-json\/wp\/v2\/tags?post=1410"}],"curies":[{"name":"wp","href":"https:\/\/api.w.org\/{rel}","templated":true}]}}