{"id":1511,"date":"2022-01-19T14:04:32","date_gmt":"2022-01-19T13:04:32","guid":{"rendered":"http:\/\/escaut.etab.ac-lille.fr\/?p=1511"},"modified":"2022-01-19T14:04:32","modified_gmt":"2022-01-19T13:04:32","slug":"traineeship-comment-accompagner-nos-etudiants","status":"publish","type":"post","link":"https:\/\/www.lycee-escaut.fr\/index.php\/2022\/01\/19\/traineeship-comment-accompagner-nos-etudiants\/","title":{"rendered":"TRAINEESHIP &#8211; Comment accompagner nos \u00e9tudiants ?"},"content":{"rendered":"\n<p><strong><em>Le vendredi 20 janvier 2023<\/em><\/strong>, le lyc\u00e9e de l&rsquo;Escaut a invit\u00e9 les <strong><em>partenaires du monde \u00e9conomique<\/em><\/strong> \u00e0 nous faire part de leur expertise en mati\u00e8re de recrutement. En effet, nos \u00e9tudiants de premi\u00e8re ann\u00e9e de BTS franchissent un cap dans leurs parcours de formation. Ils n&rsquo;ont pas forc\u00e9ment les codes, les bons r\u00e9flexes et toute l&rsquo;exp\u00e9rience n\u00e9cessaire pour passer des entretiens de recrutement notamment dans le cadre de leur stage \u00e0 venir, une \u00e9tape indispensable pour l&rsquo;obtention du dipl\u00f4me.<\/p>\n\n\n\n<p>C&rsquo;est pourquoi la direction du lyc\u00e9e de l&rsquo;Escaut a entrepris une demi-journ\u00e9e de travail avec les jeunes pour leur faire passer des entretiens blancs de recrutement. Chaque jeune a \u00e9t\u00e9 re\u00e7u \u00e0 deux reprises pour un entretien de 30 minutes. Cet exercice leur a permis de se mettre en situation face \u00e0 un jury, compos\u00e9 d&rsquo;un professionnel de l&rsquo;entreprise et d&rsquo;un enseignant, de recrutement et se positionner comme un futur collaborateur de l&rsquo;entreprise.<\/p>\n\n\n\n<p>Chaque jeune a re\u00e7u en retour une \u00e9valuation constructive pour identifier et corriger le cas \u00e9ch\u00e9ant quelques maladresses qu&rsquo;ils auraient pu commettre lors de leurs \u00e9changes et r\u00e9ponses aux questions pos\u00e9es.<\/p>\n\n\n\n<p>La direction de l&rsquo;\u00e9tablissement est ravie de la mise en \u0153uvre de cette belle action, qui plus est innovante.<\/p>\n\n\n\n<p>Un grand merci aux partenaires avec qui nous avons travaill\u00e9 et \u00e9galement aux enseignants pour leur soutien et implication dans l&rsquo;\u00e9v\u00e9nement.<\/p>\n\n\n\n<p>Bravo aux jeunes des formations BTS PP et CIRA pour leur s\u00e9rieux dans l&rsquo;exercice.<\/p>\n\n\n\n<p><strong><em>Entreprises impliqu\u00e9es<\/em><\/strong> : Alstom, Eurobaut, Lessafre, Ecofrost, Sigma, Hospilinge, EDF CCG Bouchain, UTTI, Ascoval, GSK St Amand, <\/p>\n\n\n\n<p>Ci-dessous quelques photos,<\/p>\n\n\n\n<figure class=\"wp-block-gallery has-nested-images columns-default is-cropped wp-block-gallery-1 is-layout-flex wp-block-gallery-is-layout-flex\">\n<figure class=\"wp-block-image size-large\"><img decoding=\"async\" data-id=\"1514\" src=\"https:\/\/escaut.etab.ac-lille.fr\/files\/2022\/01\/IMG_6845-768x1024.jpg\" alt=\"\" class=\"wp-image-1514\" \/><\/figure>\n\n\n\n<figure class=\"wp-block-image size-large\"><img decoding=\"async\" data-id=\"1515\" src=\"https:\/\/escaut.etab.ac-lille.fr\/files\/2022\/01\/IMG_6848-1024x768.jpg\" alt=\"\" class=\"wp-image-1515\" \/><\/figure>\n\n\n\n<figure class=\"wp-block-image size-large\"><img decoding=\"async\" data-id=\"1516\" src=\"https:\/\/escaut.etab.ac-lille.fr\/files\/2022\/01\/IMG_6849-1024x768.jpg\" alt=\"\" class=\"wp-image-1516\" \/><\/figure>\n\n\n\n<figure class=\"wp-block-image size-large\"><img decoding=\"async\" data-id=\"1517\" src=\"https:\/\/escaut.etab.ac-lille.fr\/files\/2022\/01\/IMG_6852-1024x768.jpg\" alt=\"\" class=\"wp-image-1517\" \/><\/figure>\n\n\n\n<figure class=\"wp-block-image size-large\"><img decoding=\"async\" data-id=\"1518\" src=\"https:\/\/escaut.etab.ac-lille.fr\/files\/2022\/01\/IMG_6856-1024x768.jpg\" alt=\"\" class=\"wp-image-1518\" \/><\/figure>\n<\/figure>\n\n\n\n<p><\/p>\n\n\n\n<figure class=\"wp-block-image size-large\"><img decoding=\"async\" src=\"http:\/\/escaut.etab.ac-lille.fr\/files\/2024\/01\/baniere-logo_2024-4-1024x256.png\" alt=\"\" class=\"wp-image-2246\" \/><\/figure>\n","protected":false},"excerpt":{"rendered":"<p>Le vendredi 20 janvier 2023, le lyc\u00e9e de l&rsquo;Escaut a invit\u00e9 les partenaires du monde \u00e9conomique \u00e0 nous faire part de leur expertise en mati\u00e8re de recrutement. En effet, nos \u00e9tudiants de premi\u00e8re ann\u00e9e de BTS franchissent un cap dans leurs parcours de formation. Ils n&rsquo;ont pas forc\u00e9ment les codes, les bons r\u00e9flexes et toute [&hellip;]<\/p>\n","protected":false},"author":1,"featured_media":1516,"comment_status":"open","ping_status":"open","sticky":false,"template":"","format":"standard","meta":{"footnotes":""},"categories":[3],"tags":[],"class_list":{"0":"post-1511","1":"post","2":"type-post","3":"status-publish","4":"format-standard","5":"has-post-thumbnail","7":"category-actualites","8":"czr-hentry"},"_links":{"self":[{"href":"https:\/\/www.lycee-escaut.fr\/index.php\/wp-json\/wp\/v2\/posts\/1511","targetHints":{"allow":["GET"]}}],"collection":[{"href":"https:\/\/www.lycee-escaut.fr\/index.php\/wp-json\/wp\/v2\/posts"}],"about":[{"href":"https:\/\/www.lycee-escaut.fr\/index.php\/wp-json\/wp\/v2\/types\/post"}],"author":[{"embeddable":true,"href":"https:\/\/www.lycee-escaut.fr\/index.php\/wp-json\/wp\/v2\/users\/1"}],"replies":[{"embeddable":true,"href":"https:\/\/www.lycee-escaut.fr\/index.php\/wp-json\/wp\/v2\/comments?post=1511"}],"version-history":[{"count":0,"href":"https:\/\/www.lycee-escaut.fr\/index.php\/wp-json\/wp\/v2\/posts\/1511\/revisions"}],"wp:featuredmedia":[{"embeddable":true,"href":"https:\/\/www.lycee-escaut.fr\/index.php\/wp-json\/"}],"wp:attachment":[{"href":"https:\/\/www.lycee-escaut.fr\/index.php\/wp-json\/wp\/v2\/media?parent=1511"}],"wp:term":[{"taxonomy":"category","embeddable":true,"href":"https:\/\/www.lycee-escaut.fr\/index.php\/wp-json\/wp\/v2\/categories?post=1511"},{"taxonomy":"post_tag","embeddable":true,"href":"https:\/\/www.lycee-escaut.fr\/index.php\/wp-json\/wp\/v2\/tags?post=1511"}],"curies":[{"name":"wp","href":"https:\/\/api.w.org\/{rel}","templated":true}]}}