{"id":2048,"date":"2023-04-14T15:56:28","date_gmt":"2023-04-14T13:56:28","guid":{"rendered":"http:\/\/escaut.etab.ac-lille.fr\/?p=2048"},"modified":"2024-10-06T23:14:04","modified_gmt":"2024-10-06T21:14:04","slug":"rassemblement-defense-education-nationale-rden-2023","status":"publish","type":"post","link":"https:\/\/www.lycee-escaut.fr\/index.php\/2023\/04\/14\/rassemblement-defense-education-nationale-rden-2023\/","title":{"rendered":"Rassemblement D\u00e9fense \u00c9ducation Nationale &#8211; RDEN 2023"},"content":{"rendered":"\n<p>Tr\u00e8s belle journ\u00e9e de rencontre entre le minist\u00e8re de l\u2019\u00c9ducation nationale et le minist\u00e8re des arm\u00e9es pour la 18\u00e8me \u00e9dition de la RDEN <img loading=\"lazy\" decoding=\"async\" src=\"https:\/\/static.xx.fbcdn.net\/images\/emoji.php\/v9\/tfc\/1\/16\/1f44d.png\" alt=\"\ud83d\udc4d\" width=\"16\" height=\"16\"><\/p>\n\n\n\n<p>Le lyc\u00e9e de l\u2019Escaut en partenariat avec la mairie de Valenciennes a accueilli de nombreux acteurs du minist\u00e8re des arm\u00e9es.<\/p>\n\n\n\n<p>L\u2019objectif ? Sensibiliser les jeunes \u00e9l\u00e8ves et \u00e9tudiants aux missions, aux m\u00e9tiers ainsi que qu\u2019aux perspectives envisageables dans le corps des arm\u00e9es entres autres,<\/p>\n\n\n\n<p>Bravo aux nombreux intervenants, aux \u00e9quipes organisatrices ainsi qu\u2019aux jeunes pour leur bonne humeur,<\/p>\n\n\n\n<p>Un clin d\u2019\u0153il particulier pour notre agent de r\u00e9gion monsieur DEMOL, ancien militaire et r\u00e9serviste aujourd\u2019hui, pour son engagement,<\/p>\n\n\n\n<p>Une tr\u00e8s belle action de liaison entre nos deux minist\u00e8res <img loading=\"lazy\" decoding=\"async\" src=\"https:\/\/static.xx.fbcdn.net\/images\/emoji.php\/v9\/t4f\/1\/16\/1f601.png\" alt=\"\ud83d\ude01\" width=\"16\" height=\"16\"><\/p>\n\n\n\n<p><\/p>\n\n\n\n<figure class=\"wp-block-gallery has-nested-images columns-default is-cropped wp-block-gallery-1 is-layout-flex wp-block-gallery-is-layout-flex\">\n<figure class=\"wp-block-image size-large\"><img decoding=\"async\" data-id=\"2049\" src=\"https:\/\/escaut.etab.ac-lille.fr\/files\/2023\/04\/D1C3972D-F2F2-46CE-9AD4-D0CD0D0CDC13-1024x563.jpg\" alt=\"\" class=\"wp-image-2049\" \/><\/figure>\n\n\n\n<figure class=\"wp-block-image size-large\"><img decoding=\"async\" data-id=\"2053\" src=\"https:\/\/escaut.etab.ac-lille.fr\/files\/2023\/04\/IMG_3012-1024x768.jpg\" alt=\"\" class=\"wp-image-2053\" \/><\/figure>\n\n\n\n<figure class=\"wp-block-image size-large\"><img decoding=\"async\" data-id=\"2052\" src=\"https:\/\/escaut.etab.ac-lille.fr\/files\/2023\/04\/IMG_3046-768x1024.jpg\" alt=\"\" class=\"wp-image-2052\" \/><\/figure>\n\n\n\n<figure class=\"wp-block-image size-large\"><img decoding=\"async\" data-id=\"2054\" src=\"https:\/\/escaut.etab.ac-lille.fr\/files\/2023\/04\/IMG_3084-1024x768.jpg\" alt=\"\" class=\"wp-image-2054\" \/><\/figure>\n\n\n\n<figure class=\"wp-block-image size-large\"><img decoding=\"async\" data-id=\"2051\" src=\"https:\/\/escaut.etab.ac-lille.fr\/files\/2023\/04\/IMG_3094-768x1024.jpg\" alt=\"\" class=\"wp-image-2051\" \/><\/figure>\n\n\n\n<figure class=\"wp-block-image size-large\"><img decoding=\"async\" data-id=\"2050\" src=\"https:\/\/escaut.etab.ac-lille.fr\/files\/2023\/04\/IMG_3102-537x1024.jpg\" alt=\"\" class=\"wp-image-2050\" \/><\/figure>\n\n\n\n<figure class=\"wp-block-image size-large\"><img decoding=\"async\" data-id=\"2055\" src=\"https:\/\/escaut.etab.ac-lille.fr\/files\/2023\/04\/IMG_3103-647x1024.jpg\" alt=\"\" class=\"wp-image-2055\" \/><\/figure>\n\n\n\n<figure class=\"wp-block-image size-large\"><img decoding=\"async\" data-id=\"2056\" src=\"https:\/\/escaut.etab.ac-lille.fr\/files\/2023\/04\/IMG_3104-597x1024.jpg\" alt=\"\" class=\"wp-image-2056\" \/><\/figure>\n\n\n\n<figure class=\"wp-block-image size-large\"><img decoding=\"async\" data-id=\"2057\" src=\"https:\/\/escaut.etab.ac-lille.fr\/files\/2023\/04\/IMG_3110-599x1024.jpg\" alt=\"\" class=\"wp-image-2057\" \/><\/figure>\n<\/figure>\n","protected":false},"excerpt":{"rendered":"<p>Tr\u00e8s belle journ\u00e9e de rencontre entre le minist\u00e8re de l\u2019\u00c9ducation nationale et le minist\u00e8re des arm\u00e9es pour la 18\u00e8me \u00e9dition de la RDEN Le lyc\u00e9e de l\u2019Escaut en partenariat avec la mairie de Valenciennes a accueilli de nombreux acteurs du minist\u00e8re des arm\u00e9es. L\u2019objectif ? Sensibiliser les jeunes \u00e9l\u00e8ves et \u00e9tudiants aux missions, aux m\u00e9tiers [&hellip;]<\/p>\n","protected":false},"author":1,"featured_media":317,"comment_status":"open","ping_status":"open","sticky":false,"template":"","format":"standard","meta":{"footnotes":""},"categories":[3],"tags":[],"class_list":{"0":"post-2048","1":"post","2":"type-post","3":"status-publish","4":"format-standard","5":"has-post-thumbnail","7":"category-actualites","8":"czr-hentry"},"_links":{"self":[{"href":"https:\/\/www.lycee-escaut.fr\/index.php\/wp-json\/wp\/v2\/posts\/2048","targetHints":{"allow":["GET"]}}],"collection":[{"href":"https:\/\/www.lycee-escaut.fr\/index.php\/wp-json\/wp\/v2\/posts"}],"about":[{"href":"https:\/\/www.lycee-escaut.fr\/index.php\/wp-json\/wp\/v2\/types\/post"}],"author":[{"embeddable":true,"href":"https:\/\/www.lycee-escaut.fr\/index.php\/wp-json\/wp\/v2\/users\/1"}],"replies":[{"embeddable":true,"href":"https:\/\/www.lycee-escaut.fr\/index.php\/wp-json\/wp\/v2\/comments?post=2048"}],"version-history":[{"count":1,"href":"https:\/\/www.lycee-escaut.fr\/index.php\/wp-json\/wp\/v2\/posts\/2048\/revisions"}],"predecessor-version":[{"id":2534,"href":"https:\/\/www.lycee-escaut.fr\/index.php\/wp-json\/wp\/v2\/posts\/2048\/revisions\/2534"}],"wp:featuredmedia":[{"embeddable":true,"href":"https:\/\/www.lycee-escaut.fr\/index.php\/wp-json\/wp\/v2\/media\/317"}],"wp:attachment":[{"href":"https:\/\/www.lycee-escaut.fr\/index.php\/wp-json\/wp\/v2\/media?parent=2048"}],"wp:term":[{"taxonomy":"category","embeddable":true,"href":"https:\/\/www.lycee-escaut.fr\/index.php\/wp-json\/wp\/v2\/categories?post=2048"},{"taxonomy":"post_tag","embeddable":true,"href":"https:\/\/www.lycee-escaut.fr\/index.php\/wp-json\/wp\/v2\/tags?post=2048"}],"curies":[{"name":"wp","href":"https:\/\/api.w.org\/{rel}","templated":true}]}}