{"id":2089,"date":"2023-06-26T23:17:09","date_gmt":"2023-06-26T21:17:09","guid":{"rendered":"http:\/\/escaut.etab.ac-lille.fr\/?p=2089"},"modified":"2023-06-26T23:17:09","modified_gmt":"2023-06-26T21:17:09","slug":"la-radio-sinvite-au-lycee","status":"publish","type":"post","link":"https:\/\/www.lycee-escaut.fr\/index.php\/2023\/06\/26\/la-radio-sinvite-au-lycee\/","title":{"rendered":"La radio s&rsquo;invite au lyc\u00e9e !"},"content":{"rendered":"\n<p>C&rsquo;est dans le cadre de leurs <strong>parcours \u00e9ducatif<\/strong> <strong>(Avenir, PEAC et Citoyen)<\/strong> ainsi que dans celui de leur <strong>programme de sp\u00e9cialit\u00e9<\/strong> <strong>(HGGSP), d&rsquo;histoire, de g\u00e9ographie et d\u2019enseignement moral et civique <\/strong>(\u00ab&nbsp;projet de l\u2019ann\u00e9e&nbsp;\u00bb et d\u00e9marche d\u2019enqu\u00eate) que des \u00e9l\u00e8ves du lyc\u00e9e de l&rsquo;Escaut se sont lanc\u00e9s comme d\u00e9fi de produire un <strong>WebZine<\/strong> (Premi\u00e8re HGGSP) et des <strong>\u00e9missions de radio<\/strong> (2<sup>nde<\/sup> 10, TGO5 et TG06).<\/p>\n\n\n\n<p>Apr\u00e8s avoir rencontr\u00e9 une premi\u00e8re fois <strong>H\u00e9l\u00e8ne Cys, journaliste en r\u00e9sidence pour Valenciennes M\u00e9tropole<\/strong>, pour mieux comprendre les m\u00e9tiers du journalisme (presse \u00e9crite, photo-reporter, dessinateur de presse\u2026)\u00a0 et mieux appr\u00e9hender l\u2019information et ses diff\u00e9rents outils (journal papier, radio, t\u00e9l\u00e9vision, internet, r\u00e9seaux sociaux\u2026), les \u00e9l\u00e8ves de Premi\u00e8re HGGSP (groupe 4) ont r\u00e9alis\u00e9 <strong>un WebZine<\/strong> sur l\u2019un des axes de leur programme \u00ab\u00a0avanc\u00e9es et reculs des d\u00e9mocraties\u00a0\u00bb. Pour le d\u00e9couvrir, cliquez <a href=\"http:\/\/www.bit.ly\/HGGSP_WebZine1\" data-type=\"URL\" data-id=\"http:\/\/www.bit.ly\/HGGSP_WebZine1\" target=\"_blank\" rel=\"noreferrer noopener\">ICI<\/a>.<\/p>\n\n\n\n<p>Les \u00e9l\u00e8ves de la <strong>classe de 2<sup>nde<\/sup> 10<\/strong> ont profit\u00e9 de la venue de Joris Naessens, animateur de <strong>Radio Club<\/strong>, pour pr\u00e9parer (ateliers d\u2019\u00e9criture radiophonique, technique de l\u2019interview\u2026), r\u00e9diger (chronique, conducteur\u2026) puis enregistrer, \u00e0 l\u2019auditorium du lyc\u00e9e, deux \u00e9missions\u00a0: \u00a0Une premi\u00e8re pr\u00e9sente leur exp\u00e9rience v\u00e9cue du 11 au 14 avril, lors de la <strong>semaine PEPS (Parcours d\u2019\u00c9ducation, de Pratique et de Sensibilisation)<\/strong>, dispositif d\u2019action culturelle financ\u00e9 par la R\u00e9gion, en partenariat avec le Ph\u00e9nix, sc\u00e8ne nationale de Valenciennes. Pour \u00e9couter \u00ab\u00a0<strong>Peps\u2019Escaut<\/strong>\u00a0\u00bb,<\/p>\n\n\n\n<figure class=\"wp-block-gallery has-nested-images columns-default is-cropped wp-block-gallery-1 is-layout-flex wp-block-gallery-is-layout-flex\">\n<figure class=\"wp-block-image size-large\"><img decoding=\"async\" data-id=\"2092\" src=\"https:\/\/escaut.etab.ac-lille.fr\/files\/2023\/06\/Image1.jpg\" alt=\"\" class=\"wp-image-2092\" \/><\/figure>\n\n\n\n<figure class=\"wp-block-image size-large\"><img decoding=\"async\" data-id=\"2093\" src=\"https:\/\/escaut.etab.ac-lille.fr\/files\/2023\/06\/Image2.jpg\" alt=\"\" class=\"wp-image-2093\" \/><\/figure>\n<\/figure>\n\n\n\n<p>Une seconde se concentre, elle, sur l\u2019objectif de l\u2019enseignement moral et civique de leur premi\u00e8re ann\u00e9e scolaire au lyc\u00e9e, <strong>\u00ab\u00a0la libert\u00e9, les libert\u00e9s\u00a0\u00bb<\/strong>.Par leur travail, les \u00e9l\u00e8ves se sont interrog\u00e9s sur la premi\u00e8re valeur de la devise r\u00e9publicaine, ses principes, ses conditions, son histoire mais aussi ses remises en cause et, donc, toute l\u2019importance de la respecter et la garantir. Pour \u00e9couter \u00ab\u00a0<strong>SecondEscaut<\/strong>\u00a0\u00bb<\/p>\n\n\n\n<p>Les \u00e9l\u00e8ves de TG05 et TGO6, eux, ont construit leur \u00ab\u00a0projet de l\u2019ann\u00e9e\u00a0\u00bb autour de <strong>la notion de d\u00e9mocratie<\/strong>, en questionnant ses fondements et exp\u00e9riences. C\u2019est pourquoi, pr\u00e9sentateurs, chroniqueurs, intervieweurs interview\u00e9s mais aussi chanteuse, pr\u00e9sentateur m\u00e9t\u00e9o, critique des sorties cin\u00e9ma\u2026 se sont succ\u00e9d\u00e9 pour construire une \u00e9mission sur le mod\u00e8le d\u2019un conducteur radio professionnel. Pour \u00e9couter \u00ab\u00a0<strong>TerminalEscaut<\/strong>\u00a0\u00bb<\/p>\n\n\n\n<figure class=\"wp-block-gallery has-nested-images columns-default is-cropped wp-block-gallery-2 is-layout-flex wp-block-gallery-is-layout-flex\">\n<figure class=\"wp-block-image size-large\"><img decoding=\"async\" data-id=\"2094\" src=\"https:\/\/escaut.etab.ac-lille.fr\/files\/2023\/06\/Image3.jpg\" alt=\"\" class=\"wp-image-2094\" \/><\/figure>\n\n\n\n<figure class=\"wp-block-image size-large\"><img decoding=\"async\" data-id=\"2095\" src=\"https:\/\/escaut.etab.ac-lille.fr\/files\/2023\/06\/Image4.jpg\" alt=\"\" class=\"wp-image-2095\" \/><\/figure>\n<\/figure>\n\n\n\n<p><b><span style=\"font-size:12.0pt;,sans-serif\">Lien Radio Club pour \u00e9missions radiophoniques<\/span><\/b> &#8211;&gt; <a href=\"https:\/\/radioclub.fr\/lycee-de-lescaut\/\" data-type=\"URL\" data-id=\"https:\/\/radioclub.fr\/lycee-de-lescaut\/\" target=\"_blank\" rel=\"noreferrer noopener\">ICI<\/a><\/p>\n","protected":false},"excerpt":{"rendered":"<p>C&rsquo;est dans le cadre de leurs parcours \u00e9ducatif (Avenir, PEAC et Citoyen) ainsi que dans celui de leur programme de sp\u00e9cialit\u00e9 (HGGSP), d&rsquo;histoire, de g\u00e9ographie et d\u2019enseignement moral et civique (\u00ab&nbsp;projet de l\u2019ann\u00e9e&nbsp;\u00bb et d\u00e9marche d\u2019enqu\u00eate) que des \u00e9l\u00e8ves du lyc\u00e9e de l&rsquo;Escaut se sont lanc\u00e9s comme d\u00e9fi de produire un WebZine (Premi\u00e8re HGGSP) et [&hellip;]<\/p>\n","protected":false},"author":1,"featured_media":2092,"comment_status":"open","ping_status":"open","sticky":false,"template":"","format":"standard","meta":{"footnotes":""},"categories":[12],"tags":[],"class_list":{"0":"post-2089","1":"post","2":"type-post","3":"status-publish","4":"format-standard","5":"has-post-thumbnail","7":"category-mdl","8":"czr-hentry"},"_links":{"self":[{"href":"https:\/\/www.lycee-escaut.fr\/index.php\/wp-json\/wp\/v2\/posts\/2089","targetHints":{"allow":["GET"]}}],"collection":[{"href":"https:\/\/www.lycee-escaut.fr\/index.php\/wp-json\/wp\/v2\/posts"}],"about":[{"href":"https:\/\/www.lycee-escaut.fr\/index.php\/wp-json\/wp\/v2\/types\/post"}],"author":[{"embeddable":true,"href":"https:\/\/www.lycee-escaut.fr\/index.php\/wp-json\/wp\/v2\/users\/1"}],"replies":[{"embeddable":true,"href":"https:\/\/www.lycee-escaut.fr\/index.php\/wp-json\/wp\/v2\/comments?post=2089"}],"version-history":[{"count":0,"href":"https:\/\/www.lycee-escaut.fr\/index.php\/wp-json\/wp\/v2\/posts\/2089\/revisions"}],"wp:featuredmedia":[{"embeddable":true,"href":"https:\/\/www.lycee-escaut.fr\/index.php\/wp-json\/"}],"wp:attachment":[{"href":"https:\/\/www.lycee-escaut.fr\/index.php\/wp-json\/wp\/v2\/media?parent=2089"}],"wp:term":[{"taxonomy":"category","embeddable":true,"href":"https:\/\/www.lycee-escaut.fr\/index.php\/wp-json\/wp\/v2\/categories?post=2089"},{"taxonomy":"post_tag","embeddable":true,"href":"https:\/\/www.lycee-escaut.fr\/index.php\/wp-json\/wp\/v2\/tags?post=2089"}],"curies":[{"name":"wp","href":"https:\/\/api.w.org\/{rel}","templated":true}]}}