{"id":2154,"date":"2023-10-16T15:38:03","date_gmt":"2023-10-16T13:38:03","guid":{"rendered":"http:\/\/escaut.etab.ac-lille.fr\/?p=2154"},"modified":"2023-10-16T15:38:03","modified_gmt":"2023-10-16T13:38:03","slug":"octobre-rose","status":"publish","type":"post","link":"https:\/\/www.lycee-escaut.fr\/index.php\/2023\/10\/16\/octobre-rose\/","title":{"rendered":"OCTOBRE ROSE"},"content":{"rendered":"\n<p><img loading=\"lazy\" decoding=\"async\" height=\"16\" width=\"16\" alt=\"\ud83c\udf38\" src=\"https:\/\/static.xx.fbcdn.net\/images\/emoji.php\/v9\/tf0\/1\/16\/1f338.png\"> Retour en images sur une tr\u00e8s belle action mise en \u0153uvre par nos \u00e9tudiants de DTS imagerie m\u00e9dicale et radiologie th\u00e9rapeutique,<\/p>\n\n\n\n<p><img loading=\"lazy\" decoding=\"async\" height=\"16\" width=\"16\" alt=\"\ud83c\udf38\" src=\"https:\/\/static.xx.fbcdn.net\/images\/emoji.php\/v9\/tf0\/1\/16\/1f338.png\"> L\u2019\u00e9v\u00e9nement a \u00e9t\u00e9 soutenu par le CH de Valenciennes et l\u2019association \u00c9MERA,<\/p>\n\n\n\n<p><img loading=\"lazy\" decoding=\"async\" height=\"16\" width=\"16\" alt=\"\ud83c\udf38\" src=\"https:\/\/static.xx.fbcdn.net\/images\/emoji.php\/v9\/tf0\/1\/16\/1f338.png\"> Nos personnels et \u00e9l\u00e8ves ont \u00e9t\u00e9 sensibilis\u00e9s, ont re\u00e7u de l\u2019information et ont pu d\u00e9couvrir un atelier pour mieux comprendre l\u2019examen mis en \u0153uvre,<\/p>\n\n\n\n<p><img loading=\"lazy\" decoding=\"async\" height=\"16\" width=\"16\" src=\"https:\/\/static.xx.fbcdn.net\/images\/emoji.php\/v9\/tf0\/1\/16\/1f338.png\" alt=\"\ud83c\udf38\">Pour terminer, un quizz a \u00e9t\u00e9 propos\u00e9 avec des cadeaux \u00e0 la cl\u00e9,<\/p>\n\n\n\n<p><img loading=\"lazy\" decoding=\"async\" height=\"16\" width=\"16\" src=\"https:\/\/static.xx.fbcdn.net\/images\/emoji.php\/v9\/tfe\/1\/16\/1f44f.png\" alt=\"\ud83d\udc4f\"> Bravo aux \u00e9tudiants, <img loading=\"lazy\" decoding=\"async\" height=\"16\" width=\"16\" src=\"https:\/\/static.xx.fbcdn.net\/images\/emoji.php\/v9\/t80\/1\/16\/1f64f.png\" alt=\"\ud83d\ude4f\"> Merci aux partenaires,<\/p>\n\n\n\n<p><img loading=\"lazy\" decoding=\"async\" height=\"16\" width=\"16\" src=\"https:\/\/static.xx.fbcdn.net\/images\/emoji.php\/v9\/t57\/1\/16\/1f609.png\" alt=\"\ud83d\ude09\"> Un clin d\u2019\u0153il particulier aux coordonnateurs de formation pour leur accompagnement !<\/p>\n\n\n\n<figure class=\"wp-block-image size-full\"><img decoding=\"async\" src=\"https:\/\/escaut.etab.ac-lille.fr\/files\/2023\/10\/a35e096c-307b-4ea0-a264-160d39dd8ffe.jpg\" alt=\"\" class=\"wp-image-2156\" \/><\/figure>\n","protected":false},"excerpt":{"rendered":"<p>Retour en images sur une tr\u00e8s belle action mise en \u0153uvre par nos \u00e9tudiants de DTS imagerie m\u00e9dicale et radiologie th\u00e9rapeutique, L\u2019\u00e9v\u00e9nement a \u00e9t\u00e9 soutenu par le CH de Valenciennes et l\u2019association \u00c9MERA, Nos personnels et \u00e9l\u00e8ves ont \u00e9t\u00e9 sensibilis\u00e9s, ont re\u00e7u de l\u2019information et ont pu d\u00e9couvrir un atelier pour mieux comprendre l\u2019examen mis [&hellip;]<\/p>\n","protected":false},"author":1,"featured_media":2155,"comment_status":"open","ping_status":"open","sticky":false,"template":"","format":"standard","meta":{"footnotes":""},"categories":[10],"tags":[],"class_list":{"0":"post-2154","1":"post","2":"type-post","3":"status-publish","4":"format-standard","5":"has-post-thumbnail","7":"category-la-vie-du-lycee","8":"czr-hentry"},"_links":{"self":[{"href":"https:\/\/www.lycee-escaut.fr\/index.php\/wp-json\/wp\/v2\/posts\/2154","targetHints":{"allow":["GET"]}}],"collection":[{"href":"https:\/\/www.lycee-escaut.fr\/index.php\/wp-json\/wp\/v2\/posts"}],"about":[{"href":"https:\/\/www.lycee-escaut.fr\/index.php\/wp-json\/wp\/v2\/types\/post"}],"author":[{"embeddable":true,"href":"https:\/\/www.lycee-escaut.fr\/index.php\/wp-json\/wp\/v2\/users\/1"}],"replies":[{"embeddable":true,"href":"https:\/\/www.lycee-escaut.fr\/index.php\/wp-json\/wp\/v2\/comments?post=2154"}],"version-history":[{"count":0,"href":"https:\/\/www.lycee-escaut.fr\/index.php\/wp-json\/wp\/v2\/posts\/2154\/revisions"}],"wp:featuredmedia":[{"embeddable":true,"href":"https:\/\/www.lycee-escaut.fr\/index.php\/wp-json\/"}],"wp:attachment":[{"href":"https:\/\/www.lycee-escaut.fr\/index.php\/wp-json\/wp\/v2\/media?parent=2154"}],"wp:term":[{"taxonomy":"category","embeddable":true,"href":"https:\/\/www.lycee-escaut.fr\/index.php\/wp-json\/wp\/v2\/categories?post=2154"},{"taxonomy":"post_tag","embeddable":true,"href":"https:\/\/www.lycee-escaut.fr\/index.php\/wp-json\/wp\/v2\/tags?post=2154"}],"curies":[{"name":"wp","href":"https:\/\/api.w.org\/{rel}","templated":true}]}}