{"id":2287,"date":"2024-02-05T16:40:54","date_gmt":"2024-02-05T15:40:54","guid":{"rendered":"http:\/\/escaut.etab.ac-lille.fr\/?p=2287"},"modified":"2024-02-05T16:40:54","modified_gmt":"2024-02-05T15:40:54","slug":"traineeship-2024-3eme-edition","status":"publish","type":"post","link":"https:\/\/www.lycee-escaut.fr\/index.php\/2024\/02\/05\/traineeship-2024-3eme-edition\/","title":{"rendered":"TRAINEESHIP 2024 &#8211; 3\u00e8me \u00e9dition"},"content":{"rendered":"\n<p>\u267b\ufe0f Le lyc\u00e9e de l\u2019Escaut a propos\u00e9 ce mercredi 24 janvier aux \u00e9tudiants de toutes nos formations de passer deux entretiens blancs de recrutement ! <\/p>\n\n\n\n<p>En effet ils ne sont pas forc\u00e9ment tr\u00e8s \u00e0 l\u2019aise avec l\u2019exercice, c\u2019est pourquoi nous avons initi\u00e9 cela pour eux. <\/p>\n\n\n\n<p>Nous avons convi\u00e9 nos partenaires du monde \u00e9conomique, 55 d\u2019entre eux ont accept\u00e9 de se rendre disponible pour former un jury avec nos enseignants.  Tout s\u2019est tr\u00e8s bien d\u00e9roul\u00e9, les retours sont positifs et des propositions d\u2019am\u00e9lioration ont dors et d\u00e9j\u00e0 \u00e9t\u00e9 sugg\u00e9r\u00e9es ! <\/p>\n\n\n\n<p>\ud83d\ude4f Un grand merci aux professionnels pour leur mobilisation,  <\/p>\n\n\n\n<p>\ud83d\ude4f Un grand merci aux enseignants pour leur engagement ! <\/p>\n\n\n\n<p>\ud83d\udc4d Et bravo aux jeunes \u00e9tudiants qui se sont investis cet apr\u00e8s-midi, Nous sommes ravis et fiers de nos jeunes.<\/p>\n\n\n\n<p>A tr\u00e8s bient\u00f4t !<\/p>\n\n\n\n<p>\ud83d\udd1c #industrie #metier #automatisme #controle #regulation #automate #lyc\u00e9e #formation #entretien #professionnel<\/p>\n\n\n\n<figure class=\"wp-block-gallery has-nested-images columns-default is-cropped wp-block-gallery-1 is-layout-flex wp-block-gallery-is-layout-flex\">\n<figure class=\"wp-block-image size-large\"><img decoding=\"async\" data-id=\"2288\" src=\"https:\/\/escaut.etab.ac-lille.fr\/files\/2024\/02\/IMG_8359-768x1024.jpg\" alt=\"\" class=\"wp-image-2288\" \/><\/figure>\n\n\n\n<figure class=\"wp-block-image size-large\"><img decoding=\"async\" data-id=\"2292\" src=\"https:\/\/escaut.etab.ac-lille.fr\/files\/2024\/02\/IMG_8360-1024x768.jpg\" alt=\"\" class=\"wp-image-2292\" \/><\/figure>\n\n\n\n<figure class=\"wp-block-image size-large\"><img decoding=\"async\" data-id=\"2289\" src=\"https:\/\/escaut.etab.ac-lille.fr\/files\/2024\/02\/IMG_8361-1024x768.jpg\" alt=\"\" class=\"wp-image-2289\" \/><\/figure>\n\n\n\n<figure class=\"wp-block-image size-large\"><img decoding=\"async\" data-id=\"2290\" src=\"https:\/\/escaut.etab.ac-lille.fr\/files\/2024\/02\/IMG_8364-1024x768.jpg\" alt=\"\" class=\"wp-image-2290\" \/><\/figure>\n\n\n\n<figure class=\"wp-block-image size-large\"><img decoding=\"async\" data-id=\"2293\" src=\"https:\/\/escaut.etab.ac-lille.fr\/files\/2024\/02\/IMG_8365-768x1024.jpg\" alt=\"\" class=\"wp-image-2293\" \/><\/figure>\n\n\n\n<figure class=\"wp-block-image size-large\"><img decoding=\"async\" data-id=\"2291\" src=\"https:\/\/escaut.etab.ac-lille.fr\/files\/2024\/02\/IMG_8366-1024x768.jpg\" alt=\"\" class=\"wp-image-2291\" \/><\/figure>\n\n\n\n<figure class=\"wp-block-image size-large\"><img decoding=\"async\" data-id=\"2294\" src=\"https:\/\/escaut.etab.ac-lille.fr\/files\/2024\/02\/IMG_8368-768x1024.jpg\" alt=\"\" class=\"wp-image-2294\" \/><\/figure>\n<\/figure>\n","protected":false},"excerpt":{"rendered":"<p>\u267b\ufe0f Le lyc\u00e9e de l\u2019Escaut a propos\u00e9 ce mercredi 24 janvier aux \u00e9tudiants de toutes nos formations de passer deux entretiens blancs de recrutement ! En effet ils ne sont pas forc\u00e9ment tr\u00e8s \u00e0 l\u2019aise avec l\u2019exercice, c\u2019est pourquoi nous avons initi\u00e9 cela pour eux. Nous avons convi\u00e9 nos partenaires du monde \u00e9conomique, 55 d\u2019entre [&hellip;]<\/p>\n","protected":false},"author":1,"featured_media":2290,"comment_status":"open","ping_status":"open","sticky":false,"template":"","format":"standard","meta":{"footnotes":""},"categories":[10],"tags":[],"class_list":{"0":"post-2287","1":"post","2":"type-post","3":"status-publish","4":"format-standard","5":"has-post-thumbnail","7":"category-la-vie-du-lycee","8":"czr-hentry"},"_links":{"self":[{"href":"https:\/\/www.lycee-escaut.fr\/index.php\/wp-json\/wp\/v2\/posts\/2287","targetHints":{"allow":["GET"]}}],"collection":[{"href":"https:\/\/www.lycee-escaut.fr\/index.php\/wp-json\/wp\/v2\/posts"}],"about":[{"href":"https:\/\/www.lycee-escaut.fr\/index.php\/wp-json\/wp\/v2\/types\/post"}],"author":[{"embeddable":true,"href":"https:\/\/www.lycee-escaut.fr\/index.php\/wp-json\/wp\/v2\/users\/1"}],"replies":[{"embeddable":true,"href":"https:\/\/www.lycee-escaut.fr\/index.php\/wp-json\/wp\/v2\/comments?post=2287"}],"version-history":[{"count":0,"href":"https:\/\/www.lycee-escaut.fr\/index.php\/wp-json\/wp\/v2\/posts\/2287\/revisions"}],"wp:featuredmedia":[{"embeddable":true,"href":"https:\/\/www.lycee-escaut.fr\/index.php\/wp-json\/"}],"wp:attachment":[{"href":"https:\/\/www.lycee-escaut.fr\/index.php\/wp-json\/wp\/v2\/media?parent=2287"}],"wp:term":[{"taxonomy":"category","embeddable":true,"href":"https:\/\/www.lycee-escaut.fr\/index.php\/wp-json\/wp\/v2\/categories?post=2287"},{"taxonomy":"post_tag","embeddable":true,"href":"https:\/\/www.lycee-escaut.fr\/index.php\/wp-json\/wp\/v2\/tags?post=2287"}],"curies":[{"name":"wp","href":"https:\/\/api.w.org\/{rel}","templated":true}]}}