{"id":2771,"date":"2025-01-05T12:09:17","date_gmt":"2025-01-05T11:09:17","guid":{"rendered":"https:\/\/www.lycee-escaut.fr\/?p=2771"},"modified":"2025-01-05T12:09:17","modified_gmt":"2025-01-05T11:09:17","slug":"tous-au-stade-du-hainaut-le-24-janvier","status":"publish","type":"post","link":"https:\/\/www.lycee-escaut.fr\/index.php\/2025\/01\/05\/tous-au-stade-du-hainaut-le-24-janvier\/","title":{"rendered":"Tous au Stade du Hainaut le 24 janvier !"},"content":{"rendered":"\n<p>\u00c0 l&rsquo;occasion du match <strong>VAFC &#8211; US Orl\u00e9ans le <\/strong><strong>vendredi 24 janvier 2025 \u00e0 19h30 au Stade du Hainaut<\/strong>, le VAFC propose \u00e0 tous les \u00e9l\u00e8ves de ses \u00e9tablissements scolaires partenaires de b\u00e9n\u00e9ficier d&rsquo;un <strong>tarif exceptionnel de 2\u20ac la place !&nbsp;&nbsp;<\/strong><\/p>\n\n\n\n<p><strong>L&rsquo;\u00e9tablissement le plus repr\u00e9sent\u00e9 pourra profiter d&rsquo;une immersion exclusive dans les coulisses de l&rsquo;avant-match :\u00a0<\/strong><\/p>\n\n\n\n<ul class=\"wp-block-list\">\n<li>D\u00e9fil\u00e9 autour du terrain au bord des tribunes<\/li>\n\n\n\n<li>assister\u00a0\u00e0 l&rsquo;\u00e9chauffement au plus pr\u00e8s des joueurs,\u00a0<\/li>\n\n\n\n<li>Possibilit\u00e9 pour un \u00e9l\u00e8ve de donner le coup d&rsquo;envoi fictif du match !<\/li>\n<\/ul>\n\n\n\n<p><strong>\u200b<em>Alors, n&rsquo;h\u00e9site plus, et r\u00e9serve vite, avec tes ami.e.s, ta soir\u00e9e football dans les tribunes du Stade du Hainaut pour supporter le VAFC !<\/em><\/strong><\/p>\n\n\n\n<p><strong>MODALIT\u00c9S :\u00a0<\/strong><\/p>\n\n\n\n<p>1) Je r\u00e9serve ma place via ce formulaire \ud83d\udc49 <a href=\"#\">urlr.me\/8qtzWH<\/a>;<\/p>\n\n\n\n<p>2) Je r\u00e8gle et je r\u00e9cup\u00e8re mon ticket le\u00a0<strong>mardi 14 janvier de 12h \u00e0 14h\u00a0<\/strong>dans le hall du lyc\u00e9e;<\/p>\n\n\n\n<p>3) Je viens au match et profite des animations en tribunes.<\/p>\n\n\n\n<p><strong>TARIF :&nbsp;<\/strong><\/p>\n\n\n\n<p>1 place par \u00e9l\u00e8ve \u00e0 <strong>2\u20ac (-18 ans uniquement)<\/strong><\/p>\n\n\n\n<p>Toute place suppl\u00e9mentaire pour vos proches : <strong>5\u20ac <em>(5 maximum)<\/em><\/strong><\/p>\n\n\n\n<p>Place pour le personnel de l&rsquo;\u00e9tablissement scolaire (adulte + de 18 ans) : <strong>5\u20ac<\/strong><\/p>\n\n\n\n<figure class=\"wp-block-image size-full\"><img loading=\"lazy\" decoding=\"async\" width=\"649\" height=\"844\" src=\"https:\/\/www.lycee-escaut.fr\/wp-content\/uploads\/2025\/01\/Capture-decran-2025-01-05-113558.png\" alt=\"\" class=\"wp-image-2772\" srcset=\"https:\/\/www.lycee-escaut.fr\/wp-content\/uploads\/2025\/01\/Capture-decran-2025-01-05-113558.png 649w, https:\/\/www.lycee-escaut.fr\/wp-content\/uploads\/2025\/01\/Capture-decran-2025-01-05-113558-231x300.png 231w\" sizes=\"auto, (max-width: 649px) 100vw, 649px\" \/><\/figure>\n","protected":false},"excerpt":{"rendered":"<p>\u00c0 l&rsquo;occasion du match VAFC &#8211; US Orl\u00e9ans le vendredi 24 janvier 2025 \u00e0 19h30 au Stade du Hainaut, le VAFC propose \u00e0 tous les \u00e9l\u00e8ves de ses \u00e9tablissements scolaires partenaires de b\u00e9n\u00e9ficier d&rsquo;un tarif exceptionnel de 2\u20ac la place !&nbsp;&nbsp; L&rsquo;\u00e9tablissement le plus repr\u00e9sent\u00e9 pourra profiter d&rsquo;une immersion exclusive dans les coulisses de l&rsquo;avant-match [&hellip;]<\/p>\n","protected":false},"author":3,"featured_media":2772,"comment_status":"closed","ping_status":"closed","sticky":false,"template":"","format":"standard","meta":{"footnotes":""},"categories":[3,10,1],"tags":[],"class_list":{"0":"post-2771","1":"post","2":"type-post","3":"status-publish","4":"format-standard","5":"has-post-thumbnail","7":"category-actualites","8":"category-la-vie-du-lycee","9":"category-non-classe","10":"czr-hentry"},"_links":{"self":[{"href":"https:\/\/www.lycee-escaut.fr\/index.php\/wp-json\/wp\/v2\/posts\/2771","targetHints":{"allow":["GET"]}}],"collection":[{"href":"https:\/\/www.lycee-escaut.fr\/index.php\/wp-json\/wp\/v2\/posts"}],"about":[{"href":"https:\/\/www.lycee-escaut.fr\/index.php\/wp-json\/wp\/v2\/types\/post"}],"author":[{"embeddable":true,"href":"https:\/\/www.lycee-escaut.fr\/index.php\/wp-json\/wp\/v2\/users\/3"}],"replies":[{"embeddable":true,"href":"https:\/\/www.lycee-escaut.fr\/index.php\/wp-json\/wp\/v2\/comments?post=2771"}],"version-history":[{"count":1,"href":"https:\/\/www.lycee-escaut.fr\/index.php\/wp-json\/wp\/v2\/posts\/2771\/revisions"}],"predecessor-version":[{"id":2773,"href":"https:\/\/www.lycee-escaut.fr\/index.php\/wp-json\/wp\/v2\/posts\/2771\/revisions\/2773"}],"wp:featuredmedia":[{"embeddable":true,"href":"https:\/\/www.lycee-escaut.fr\/index.php\/wp-json\/wp\/v2\/media\/2772"}],"wp:attachment":[{"href":"https:\/\/www.lycee-escaut.fr\/index.php\/wp-json\/wp\/v2\/media?parent=2771"}],"wp:term":[{"taxonomy":"category","embeddable":true,"href":"https:\/\/www.lycee-escaut.fr\/index.php\/wp-json\/wp\/v2\/categories?post=2771"},{"taxonomy":"post_tag","embeddable":true,"href":"https:\/\/www.lycee-escaut.fr\/index.php\/wp-json\/wp\/v2\/tags?post=2771"}],"curies":[{"name":"wp","href":"https:\/\/api.w.org\/{rel}","templated":true}]}}