{"id":2882,"date":"2025-01-23T08:36:51","date_gmt":"2025-01-23T07:36:51","guid":{"rendered":"https:\/\/www.lycee-escaut.fr\/?p=2882"},"modified":"2025-01-23T08:36:52","modified_gmt":"2025-01-23T07:36:52","slug":"7-eleves-de-2nde-du-lycee-de-lescaut-en-visite-au-campus-du-mont-houy","status":"publish","type":"post","link":"https:\/\/www.lycee-escaut.fr\/index.php\/2025\/01\/23\/7-eleves-de-2nde-du-lycee-de-lescaut-en-visite-au-campus-du-mont-houy\/","title":{"rendered":"7 \u00e9l\u00e8ves de 2nde du lyc\u00e9e de l&rsquo;Escaut en visite au Campus du Mont Houy"},"content":{"rendered":"\n<p>Dans le cadre de la Cord\u00e9e \u00ab\u00a0INSA, je veux, je peux\u00a0\u00bb, 7 \u00e9l\u00e8ves de 2nde du lyc\u00e9e de l&rsquo;Escaut de Valenciennes, accompagn\u00e9s de Mmes MASCREZ, enseignante, et MADDALOZZO-CLERC, professeure r\u00e9f\u00e9rente des Cord\u00e9es de la R\u00e9ussite, ont eu l&rsquo;opportunit\u00e9 de visiter, ce vendredi 17 janvier 2025, le Campus du Mont Houy.<br>Rassembl\u00e9s en amphith\u00e9\u00e2tre, nos lyc\u00e9ens ont d\u00e9couvert les \u00e9tudes sup\u00e9rieures au sein de l&rsquo;INSA HDF ainsi que celles propos\u00e9es \u00e0 l&rsquo;UPHF.<br>Apr\u00e8s un repas offert par l&rsquo;INSA au restaurant universitaire, les lyc\u00e9ens ont rencontr\u00e9 des \u00e9tudiants ing\u00e9nieurs qui leur ont parl\u00e9 de leurs parcours scolaires et universitaires. Ils ont ensuite visit\u00e9 la biblioth\u00e8que universitaire, le Centre Technologique en Transport Terrestre et l&rsquo;AIP.<br>La journ\u00e9e s&rsquo;est termin\u00e9e par un bilan !<\/p>\n\n\n\n<p>Un grand merci \u00e0 Anne-Pascale Maquinghen, Philippe Carlier et Marc Broh\u00e9e, tous trois du Centre Gaston Berger, pour leur accueil toujours bienveillant envers nos jeunes !<\/p>\n\n\n\n<figure class=\"wp-block-gallery has-nested-images columns-default is-cropped wp-block-gallery-1 is-layout-flex wp-block-gallery-is-layout-flex\">\n<figure class=\"wp-block-image size-large\"><img loading=\"lazy\" decoding=\"async\" width=\"1024\" height=\"768\" data-id=\"2884\" src=\"https:\/\/www.lycee-escaut.fr\/wp-content\/uploads\/2025\/01\/20250117_133011-1024x768.jpg\" alt=\"\" class=\"wp-image-2884\" srcset=\"https:\/\/www.lycee-escaut.fr\/wp-content\/uploads\/2025\/01\/20250117_133011-1024x768.jpg 1024w, https:\/\/www.lycee-escaut.fr\/wp-content\/uploads\/2025\/01\/20250117_133011-300x225.jpg 300w, https:\/\/www.lycee-escaut.fr\/wp-content\/uploads\/2025\/01\/20250117_133011-768x576.jpg 768w, https:\/\/www.lycee-escaut.fr\/wp-content\/uploads\/2025\/01\/20250117_133011-1536x1152.jpg 1536w, https:\/\/www.lycee-escaut.fr\/wp-content\/uploads\/2025\/01\/20250117_133011-2048x1536.jpg 2048w\" sizes=\"auto, (max-width: 1024px) 100vw, 1024px\" \/><\/figure>\n\n\n\n<figure class=\"wp-block-image size-large\"><img loading=\"lazy\" decoding=\"async\" width=\"1024\" height=\"768\" data-id=\"2883\" src=\"https:\/\/www.lycee-escaut.fr\/wp-content\/uploads\/2025\/01\/20250117_151145-1024x768.jpg\" alt=\"\" class=\"wp-image-2883\" srcset=\"https:\/\/www.lycee-escaut.fr\/wp-content\/uploads\/2025\/01\/20250117_151145-1024x768.jpg 1024w, https:\/\/www.lycee-escaut.fr\/wp-content\/uploads\/2025\/01\/20250117_151145-300x225.jpg 300w, https:\/\/www.lycee-escaut.fr\/wp-content\/uploads\/2025\/01\/20250117_151145-768x576.jpg 768w, https:\/\/www.lycee-escaut.fr\/wp-content\/uploads\/2025\/01\/20250117_151145-1536x1152.jpg 1536w, https:\/\/www.lycee-escaut.fr\/wp-content\/uploads\/2025\/01\/20250117_151145-2048x1536.jpg 2048w\" sizes=\"auto, (max-width: 1024px) 100vw, 1024px\" \/><\/figure>\n<\/figure>\n","protected":false},"excerpt":{"rendered":"<p>Dans le cadre de la Cord\u00e9e \u00ab\u00a0INSA, je veux, je peux\u00a0\u00bb, 7 \u00e9l\u00e8ves de 2nde du lyc\u00e9e de l&rsquo;Escaut de Valenciennes, accompagn\u00e9s de Mmes MASCREZ, enseignante, et MADDALOZZO-CLERC, professeure r\u00e9f\u00e9rente des Cord\u00e9es de la R\u00e9ussite, ont eu l&rsquo;opportunit\u00e9 de visiter, ce vendredi 17 janvier 2025, le Campus du Mont Houy.Rassembl\u00e9s en amphith\u00e9\u00e2tre, nos lyc\u00e9ens ont [&hellip;]<\/p>\n","protected":false},"author":3,"featured_media":2883,"comment_status":"closed","ping_status":"closed","sticky":false,"template":"","format":"standard","meta":{"footnotes":""},"categories":[3,10,1],"tags":[],"class_list":{"0":"post-2882","1":"post","2":"type-post","3":"status-publish","4":"format-standard","5":"has-post-thumbnail","7":"category-actualites","8":"category-la-vie-du-lycee","9":"category-non-classe","10":"czr-hentry"},"_links":{"self":[{"href":"https:\/\/www.lycee-escaut.fr\/index.php\/wp-json\/wp\/v2\/posts\/2882","targetHints":{"allow":["GET"]}}],"collection":[{"href":"https:\/\/www.lycee-escaut.fr\/index.php\/wp-json\/wp\/v2\/posts"}],"about":[{"href":"https:\/\/www.lycee-escaut.fr\/index.php\/wp-json\/wp\/v2\/types\/post"}],"author":[{"embeddable":true,"href":"https:\/\/www.lycee-escaut.fr\/index.php\/wp-json\/wp\/v2\/users\/3"}],"replies":[{"embeddable":true,"href":"https:\/\/www.lycee-escaut.fr\/index.php\/wp-json\/wp\/v2\/comments?post=2882"}],"version-history":[{"count":1,"href":"https:\/\/www.lycee-escaut.fr\/index.php\/wp-json\/wp\/v2\/posts\/2882\/revisions"}],"predecessor-version":[{"id":2885,"href":"https:\/\/www.lycee-escaut.fr\/index.php\/wp-json\/wp\/v2\/posts\/2882\/revisions\/2885"}],"wp:featuredmedia":[{"embeddable":true,"href":"https:\/\/www.lycee-escaut.fr\/index.php\/wp-json\/wp\/v2\/media\/2883"}],"wp:attachment":[{"href":"https:\/\/www.lycee-escaut.fr\/index.php\/wp-json\/wp\/v2\/media?parent=2882"}],"wp:term":[{"taxonomy":"category","embeddable":true,"href":"https:\/\/www.lycee-escaut.fr\/index.php\/wp-json\/wp\/v2\/categories?post=2882"},{"taxonomy":"post_tag","embeddable":true,"href":"https:\/\/www.lycee-escaut.fr\/index.php\/wp-json\/wp\/v2\/tags?post=2882"}],"curies":[{"name":"wp","href":"https:\/\/api.w.org\/{rel}","templated":true}]}}