{"id":3033,"date":"2025-03-01T09:15:12","date_gmt":"2025-03-01T08:15:12","guid":{"rendered":"https:\/\/www.lycee-escaut.fr\/?p=3033"},"modified":"2025-03-01T09:15:12","modified_gmt":"2025-03-01T08:15:12","slug":"immersion-au-campus-de-luphf-une-journee-enrichissante-pour-nos-lyceennes-encordees","status":"publish","type":"post","link":"https:\/\/www.lycee-escaut.fr\/index.php\/2025\/03\/01\/immersion-au-campus-de-luphf-une-journee-enrichissante-pour-nos-lyceennes-encordees\/","title":{"rendered":"Immersion au Campus de l&rsquo;UPHF : une journ\u00e9e enrichissante pour nos lyc\u00e9ennes encord\u00e9es !"},"content":{"rendered":"\n<p>Ce vendredi 28 f\u00e9vrier 2025, dans le cadre des Cord\u00e9es de la R\u00e9ussite au lyc\u00e9e de l&rsquo;Escaut, deux lyc\u00e9ennes de seconde encord\u00e9es CLAED, accompagn\u00e9es par Mme Maddalozzo-Clerc, r\u00e9f\u00e9rente des Cord\u00e9es, et encadr\u00e9es par leurs tuteurs et tutrices en service civique, ont eu l&rsquo;opportunit\u00e9 de vivre une journ\u00e9e d&rsquo;immersion au sein du campus de l&rsquo;UPHF de Valenciennes.<\/p>\n\n\n\n<h3 class=\"wp-block-heading\">Au programme de la journ\u00e9e :<\/h3>\n\n\n\n<ul class=\"wp-block-list\">\n<li>Diff\u00e9rentes visites, dont celles :\n<ul class=\"wp-block-list\">\n<li>de la MSE<\/li>\n\n\n\n<li>du gymnase<\/li>\n\n\n\n<li>de la r\u00e9sidence Jules Mousseron<\/li>\n\n\n\n<li>de la BU<\/li>\n<\/ul>\n<\/li>\n\n\n\n<li>Repas offert au RU avec tous les autres lyc\u00e9ens encord\u00e9s<\/li>\n\n\n\n<li>Diff\u00e9rents ateliers, dont :\n<ul class=\"wp-block-list\">\n<li>CV et lettre de motivation<\/li>\n\n\n\n<li>Eunice European University (pr\u00e9sentation suivie d&rsquo;un Kahoot)<\/li>\n\n\n\n<li>Jeu en \u00e9quipes Check U (comp\u00e9tences, savoir-\u00eatre, secteurs d&rsquo;activit\u00e9s)<\/li>\n<\/ul>\n<\/li>\n<\/ul>\n\n\n\n<p>Un grand merci \u00e0 Pamela Visconti, Ghita El Brik et Jeffry Murillo, membres de l&rsquo;AFEV, ainsi qu&rsquo;\u00e0 tous les tuteurs pour leur accueil et leur bienveillance aupr\u00e8s de nos lyc\u00e9ens !<\/p>\n\n\n\n<p class=\"has-text-align-center\"><strong>Une journ\u00e9e riche en \u00e9changes et en convivialit\u00e9 !<\/strong><\/p>\n\n\n\n<p><\/p>\n\n\n\n<figure class=\"wp-block-gallery has-nested-images columns-default is-cropped wp-block-gallery-1 is-layout-flex wp-block-gallery-is-layout-flex\">\n<figure class=\"wp-block-image size-large\"><img loading=\"lazy\" decoding=\"async\" width=\"1024\" height=\"768\" data-id=\"3034\" src=\"https:\/\/www.lycee-escaut.fr\/wp-content\/uploads\/2025\/03\/20250228_094753-1024x768.jpg\" alt=\"\" class=\"wp-image-3034\" srcset=\"https:\/\/www.lycee-escaut.fr\/wp-content\/uploads\/2025\/03\/20250228_094753-1024x768.jpg 1024w, https:\/\/www.lycee-escaut.fr\/wp-content\/uploads\/2025\/03\/20250228_094753-300x225.jpg 300w, https:\/\/www.lycee-escaut.fr\/wp-content\/uploads\/2025\/03\/20250228_094753-768x576.jpg 768w, https:\/\/www.lycee-escaut.fr\/wp-content\/uploads\/2025\/03\/20250228_094753-1536x1152.jpg 1536w, https:\/\/www.lycee-escaut.fr\/wp-content\/uploads\/2025\/03\/20250228_094753-2048x1536.jpg 2048w\" sizes=\"auto, (max-width: 1024px) 100vw, 1024px\" \/><\/figure>\n\n\n\n<figure class=\"wp-block-image size-large\"><img loading=\"lazy\" decoding=\"async\" width=\"1024\" height=\"768\" data-id=\"3035\" src=\"https:\/\/www.lycee-escaut.fr\/wp-content\/uploads\/2025\/03\/20250228_094810-1024x768.jpg\" alt=\"\" class=\"wp-image-3035\" srcset=\"https:\/\/www.lycee-escaut.fr\/wp-content\/uploads\/2025\/03\/20250228_094810-1024x768.jpg 1024w, https:\/\/www.lycee-escaut.fr\/wp-content\/uploads\/2025\/03\/20250228_094810-300x225.jpg 300w, https:\/\/www.lycee-escaut.fr\/wp-content\/uploads\/2025\/03\/20250228_094810-768x576.jpg 768w, https:\/\/www.lycee-escaut.fr\/wp-content\/uploads\/2025\/03\/20250228_094810-1536x1152.jpg 1536w, https:\/\/www.lycee-escaut.fr\/wp-content\/uploads\/2025\/03\/20250228_094810-2048x1536.jpg 2048w\" sizes=\"auto, (max-width: 1024px) 100vw, 1024px\" \/><\/figure>\n<\/figure>\n","protected":false},"excerpt":{"rendered":"<p>Ce vendredi 28 f\u00e9vrier 2025, dans le cadre des Cord\u00e9es de la R\u00e9ussite au lyc\u00e9e de l&rsquo;Escaut, deux lyc\u00e9ennes de seconde encord\u00e9es CLAED, accompagn\u00e9es par Mme Maddalozzo-Clerc, r\u00e9f\u00e9rente des Cord\u00e9es, et encadr\u00e9es par leurs tuteurs et tutrices en service civique, ont eu l&rsquo;opportunit\u00e9 de vivre une journ\u00e9e d&rsquo;immersion au sein du campus de l&rsquo;UPHF de [&hellip;]<\/p>\n","protected":false},"author":3,"featured_media":3035,"comment_status":"closed","ping_status":"closed","sticky":false,"template":"","format":"standard","meta":{"footnotes":""},"categories":[3,10,1],"tags":[],"class_list":{"0":"post-3033","1":"post","2":"type-post","3":"status-publish","4":"format-standard","5":"has-post-thumbnail","7":"category-actualites","8":"category-la-vie-du-lycee","9":"category-non-classe","10":"czr-hentry"},"_links":{"self":[{"href":"https:\/\/www.lycee-escaut.fr\/index.php\/wp-json\/wp\/v2\/posts\/3033","targetHints":{"allow":["GET"]}}],"collection":[{"href":"https:\/\/www.lycee-escaut.fr\/index.php\/wp-json\/wp\/v2\/posts"}],"about":[{"href":"https:\/\/www.lycee-escaut.fr\/index.php\/wp-json\/wp\/v2\/types\/post"}],"author":[{"embeddable":true,"href":"https:\/\/www.lycee-escaut.fr\/index.php\/wp-json\/wp\/v2\/users\/3"}],"replies":[{"embeddable":true,"href":"https:\/\/www.lycee-escaut.fr\/index.php\/wp-json\/wp\/v2\/comments?post=3033"}],"version-history":[{"count":1,"href":"https:\/\/www.lycee-escaut.fr\/index.php\/wp-json\/wp\/v2\/posts\/3033\/revisions"}],"predecessor-version":[{"id":3036,"href":"https:\/\/www.lycee-escaut.fr\/index.php\/wp-json\/wp\/v2\/posts\/3033\/revisions\/3036"}],"wp:featuredmedia":[{"embeddable":true,"href":"https:\/\/www.lycee-escaut.fr\/index.php\/wp-json\/wp\/v2\/media\/3035"}],"wp:attachment":[{"href":"https:\/\/www.lycee-escaut.fr\/index.php\/wp-json\/wp\/v2\/media?parent=3033"}],"wp:term":[{"taxonomy":"category","embeddable":true,"href":"https:\/\/www.lycee-escaut.fr\/index.php\/wp-json\/wp\/v2\/categories?post=3033"},{"taxonomy":"post_tag","embeddable":true,"href":"https:\/\/www.lycee-escaut.fr\/index.php\/wp-json\/wp\/v2\/tags?post=3033"}],"curies":[{"name":"wp","href":"https:\/\/api.w.org\/{rel}","templated":true}]}}