{"id":3102,"date":"2025-12-05T10:23:30","date_gmt":"2025-12-05T09:23:30","guid":{"rendered":"https:\/\/www.lycee-escaut.fr\/?p=3102"},"modified":"2025-12-05T10:23:31","modified_gmt":"2025-12-05T09:23:31","slug":"cinq-eleves-de-seconde-du-lycee-de-lescaut-laureats-du-concours-national-de-la-semaine-de-lecriture","status":"publish","type":"post","link":"https:\/\/www.lycee-escaut.fr\/index.php\/2025\/12\/05\/cinq-eleves-de-seconde-du-lycee-de-lescaut-laureats-du-concours-national-de-la-semaine-de-lecriture\/","title":{"rendered":"Cinq \u00e9l\u00e8ves de seconde du Lyc\u00e9e de l\u2019Escaut laur\u00e9ats du concours national de la Semaine de l\u2019\u00c9criture"},"content":{"rendered":"\n<div class=\"wp-block-media-text is-stacked-on-mobile is-vertically-aligned-top\"><figure class=\"wp-block-media-text__media\"><img loading=\"lazy\" decoding=\"async\" width=\"300\" height=\"424\" src=\"https:\/\/www.lycee-escaut.fr\/wp-content\/uploads\/2025\/12\/semaine-ecriture.jpg\" alt=\"\" class=\"wp-image-3103 size-full\" srcset=\"https:\/\/www.lycee-escaut.fr\/wp-content\/uploads\/2025\/12\/semaine-ecriture.jpg 300w, https:\/\/www.lycee-escaut.fr\/wp-content\/uploads\/2025\/12\/semaine-ecriture-212x300.jpg 212w\" sizes=\"auto, (max-width: 300px) 100vw, 300px\" \/><\/figure><div class=\"wp-block-media-text__content\">\n<p>Six classes du lyc\u00e9e ont particip\u00e9 au concours national de la Semaine de l\u2019\u00c9criture 2025, consacr\u00e9 \u00e0 l\u2019\u00e9criture manuscrite sur le th\u00e8me de \u00ab l\u2019amiti\u00e9 \u00bb.<a rel=\"noreferrer noopener\" target=\"_blank\" href=\"https:\/\/www.semainedelecriture.fr\/index.php\/le-concours-2\/\"><\/a>\u200b<br>\u00c0 l\u2019issue de la s\u00e9lection nationale, cinq \u00e9l\u00e8ves de seconde du lyc\u00e9e figurent parmi les laur\u00e9ats, dont les deux premiers du classement, r\u00e9compens\u00e9s pour la qualit\u00e9 de leurs textes et la finesse de leur r\u00e9flexion.<a rel=\"noreferrer noopener\" target=\"_blank\" href=\"https:\/\/www.amf.asso.fr\/documents-semaine-lecriture-2025-un-concours-ou-lecriture-manuscrite-est-mise-lhonneur-dans-les-ecoles\/42755\"><\/a>\u200b<\/p>\n\n\n\n<p>L\u2019\u00e9tablissement tient \u00e0 remercier chaleureusement les professeurs de lettres qui ont port\u00e9 ce projet, ainsi que l\u2019ensemble des \u00e9l\u00e8ves ayant pris part au concours.<a rel=\"noreferrer noopener\" target=\"_blank\" href=\"https:\/\/www.amf.asso.fr\/documents-semaine-lecriture-2025-un-concours-ou-lecriture-manuscrite-est-mise-lhonneur-dans-les-ecoles\/42755\"><\/a>\u200b<br>Cette r\u00e9ussite met en lumi\u00e8re l\u2019importance des pratiques d\u2019\u00e9criture cr\u00e9ative au service de la ma\u00eetrise de la langue et de l\u2019\u00e9panouissement personnel des lyc\u00e9ens.<a rel=\"noreferrer noopener\" target=\"_blank\" href=\"https:\/\/www.mafamillezen.com\/lecriture-manuscrite-a-lhonneur-cap-sur-la-13e-semaine-de-lecriture\/\"><\/a>\u200b<\/p>\n\n\n\n<p><\/p>\n<\/div><\/div>\n","protected":false},"excerpt":{"rendered":"<p>Cinq \u00e9l\u00e8ves de seconde du Lyc\u00e9e de l\u2019Escaut sont laur\u00e9ats du concours national de la Semaine de l\u2019\u00c9criture 2025, dont les deux premiers prix.\u200b<br \/>\nLeurs textes manuscrits sur le th\u00e8me de \u00ab l\u2019amiti\u00e9 \u00bb t\u00e9moignent de leur cr\u00e9ativit\u00e9 et de leur ma\u00eetrise de la langue, soutenues par l\u2019engagement des enseignants de lettres.<\/p>\n","protected":false},"author":3,"featured_media":3103,"comment_status":"closed","ping_status":"closed","sticky":false,"template":"","format":"standard","meta":{"footnotes":""},"categories":[3],"tags":[],"class_list":{"0":"post-3102","1":"post","2":"type-post","3":"status-publish","4":"format-standard","5":"has-post-thumbnail","7":"category-actualites","8":"czr-hentry"},"_links":{"self":[{"href":"https:\/\/www.lycee-escaut.fr\/index.php\/wp-json\/wp\/v2\/posts\/3102","targetHints":{"allow":["GET"]}}],"collection":[{"href":"https:\/\/www.lycee-escaut.fr\/index.php\/wp-json\/wp\/v2\/posts"}],"about":[{"href":"https:\/\/www.lycee-escaut.fr\/index.php\/wp-json\/wp\/v2\/types\/post"}],"author":[{"embeddable":true,"href":"https:\/\/www.lycee-escaut.fr\/index.php\/wp-json\/wp\/v2\/users\/3"}],"replies":[{"embeddable":true,"href":"https:\/\/www.lycee-escaut.fr\/index.php\/wp-json\/wp\/v2\/comments?post=3102"}],"version-history":[{"count":1,"href":"https:\/\/www.lycee-escaut.fr\/index.php\/wp-json\/wp\/v2\/posts\/3102\/revisions"}],"predecessor-version":[{"id":3104,"href":"https:\/\/www.lycee-escaut.fr\/index.php\/wp-json\/wp\/v2\/posts\/3102\/revisions\/3104"}],"wp:featuredmedia":[{"embeddable":true,"href":"https:\/\/www.lycee-escaut.fr\/index.php\/wp-json\/wp\/v2\/media\/3103"}],"wp:attachment":[{"href":"https:\/\/www.lycee-escaut.fr\/index.php\/wp-json\/wp\/v2\/media?parent=3102"}],"wp:term":[{"taxonomy":"category","embeddable":true,"href":"https:\/\/www.lycee-escaut.fr\/index.php\/wp-json\/wp\/v2\/categories?post=3102"},{"taxonomy":"post_tag","embeddable":true,"href":"https:\/\/www.lycee-escaut.fr\/index.php\/wp-json\/wp\/v2\/tags?post=3102"}],"curies":[{"name":"wp","href":"https:\/\/api.w.org\/{rel}","templated":true}]}}