{"id":3200,"date":"2026-01-22T14:30:06","date_gmt":"2026-01-22T13:30:06","guid":{"rendered":"https:\/\/www.lycee-escaut.fr\/?p=3200"},"modified":"2026-02-17T15:12:58","modified_gmt":"2026-02-17T14:12:58","slug":"erasmus-ines-et-charlotte-en-mobilite-en-espagne","status":"publish","type":"post","link":"https:\/\/www.lycee-escaut.fr\/index.php\/2026\/01\/22\/erasmus-ines-et-charlotte-en-mobilite-en-espagne\/","title":{"rendered":"Mobilit\u00e9 Erasmus en Espagne : un mois d\u2019immersion r\u00e9ussie pour In\u00e8s et Charlotte"},"content":{"rendered":"\n<p>La mobilit\u00e9 longue d\u2019un mois en Espagne dans le cadre du programme Erasmus s\u2019est d\u00e9roul\u00e9e dans d\u2019excellentes conditions pour&nbsp;<strong>In\u00e8s Deparis (TG2)<\/strong>&nbsp;et&nbsp;<strong>Charlotte Marchant (1G2)<\/strong>. Parties le 8 janvier et accompagn\u00e9es de&nbsp;<strong>Mme Deffrasnes<\/strong>, elles ont \u00e9t\u00e9 accueillies au&nbsp;<strong>lyc\u00e9e Puerta de Andaluc\u00eda de Santa Olalla del Cala<\/strong>, partenaire du lyc\u00e9e de l\u2019Escaut.<\/p>\n\n\n\n<p>H\u00e9berg\u00e9es au sein d\u2019une&nbsp;<strong>famille h\u00f4te chaleureuse et bienveillante<\/strong>, In\u00e8s et Charlotte ont b\u00e9n\u00e9fici\u00e9 d\u2019une&nbsp;<strong>immersion linguistique et culturelle totale<\/strong>, facilitant leur int\u00e9gration au quotidien et la d\u00e9couverte de la vie espagnole. Cet environnement d\u2019accueil a largement contribu\u00e9 \u00e0 la qualit\u00e9 de leur s\u00e9jour et \u00e0 leur adaptation rapide, tant sur le plan scolaire que personnel.<\/p>\n\n\n\n<p>L\u2019accompagnement de&nbsp;<strong>la professeure responsable sur place, Aurora<\/strong>, a \u00e9t\u00e9 d\u00e9terminant tout au long de la mobilit\u00e9. Sa disponibilit\u00e9, son professionnalisme et son suivi r\u00e9gulier ont permis aux \u00e9l\u00e8ves de&nbsp;<strong>s\u2019approprier le syst\u00e8me \u00e9ducatif espagnol<\/strong>, de suivre les cours dans de bonnes conditions et de vivre cette exp\u00e9rience en toute s\u00e9r\u00e9nit\u00e9.<\/p>\n\n\n\n<p>Cette mobilit\u00e9 s\u2019est r\u00e9v\u00e9l\u00e9e&nbsp;<strong>tr\u00e8s b\u00e9n\u00e9fique<\/strong>&nbsp;pour les deux \u00e9l\u00e8ves : elles ont gagn\u00e9 en&nbsp;<strong>aisance \u00e0 l\u2019oral en espagnol<\/strong>, en&nbsp;<strong>autonomie<\/strong>&nbsp;et en&nbsp;<strong>confiance en elles<\/strong>, tout en d\u00e9veloppant leur&nbsp;<strong>ouverture culturelle<\/strong>&nbsp;et des&nbsp;<strong>comp\u00e9tences sociales et interculturelles<\/strong>&nbsp;essentielles. Cette exp\u00e9rience repr\u00e9sente une&nbsp;<strong>r\u00e9ussite<\/strong>&nbsp;et un&nbsp;<strong>apport tr\u00e8s positif<\/strong>&nbsp;dans leur parcours scolaire et personnel, en parfaite coh\u00e9rence avec les objectifs p\u00e9dagogiques du programme Erasmus+.<\/p>\n\n\n\n<figure class=\"wp-block-gallery has-nested-images columns-default is-cropped wp-block-gallery-1 is-layout-flex wp-block-gallery-is-layout-flex\">\n<figure class=\"wp-block-image size-large\"><img loading=\"lazy\" decoding=\"async\" width=\"768\" height=\"1024\" data-id=\"3204\" src=\"https:\/\/www.lycee-escaut.fr\/wp-content\/uploads\/2026\/01\/20260108_033626-768x1024.jpg\" alt=\"\" class=\"wp-image-3204\" srcset=\"https:\/\/www.lycee-escaut.fr\/wp-content\/uploads\/2026\/01\/20260108_033626-768x1024.jpg 768w, https:\/\/www.lycee-escaut.fr\/wp-content\/uploads\/2026\/01\/20260108_033626-225x300.jpg 225w, https:\/\/www.lycee-escaut.fr\/wp-content\/uploads\/2026\/01\/20260108_033626.jpg 1000w\" sizes=\"auto, (max-width: 768px) 100vw, 768px\" \/><\/figure>\n\n\n\n<figure class=\"wp-block-image size-large\"><img loading=\"lazy\" decoding=\"async\" width=\"663\" height=\"750\" data-id=\"3202\" src=\"https:\/\/www.lycee-escaut.fr\/wp-content\/uploads\/2026\/01\/20260108_102913.jpg\" alt=\"\" class=\"wp-image-3202\" srcset=\"https:\/\/www.lycee-escaut.fr\/wp-content\/uploads\/2026\/01\/20260108_102913.jpg 663w, https:\/\/www.lycee-escaut.fr\/wp-content\/uploads\/2026\/01\/20260108_102913-265x300.jpg 265w\" sizes=\"auto, (max-width: 663px) 100vw, 663px\" \/><\/figure>\n\n\n\n<figure class=\"wp-block-image size-large\"><img loading=\"lazy\" decoding=\"async\" width=\"750\" height=\"1000\" data-id=\"3206\" src=\"https:\/\/www.lycee-escaut.fr\/wp-content\/uploads\/2026\/01\/20260108_162552.jpg\" alt=\"\" class=\"wp-image-3206\" srcset=\"https:\/\/www.lycee-escaut.fr\/wp-content\/uploads\/2026\/01\/20260108_162552.jpg 750w, https:\/\/www.lycee-escaut.fr\/wp-content\/uploads\/2026\/01\/20260108_162552-225x300.jpg 225w\" sizes=\"auto, (max-width: 750px) 100vw, 750px\" \/><\/figure>\n\n\n\n<figure class=\"wp-block-image size-large\"><img loading=\"lazy\" decoding=\"async\" width=\"750\" height=\"1000\" data-id=\"3205\" src=\"https:\/\/www.lycee-escaut.fr\/wp-content\/uploads\/2026\/01\/20260110_154622.jpg\" alt=\"\" class=\"wp-image-3205\" srcset=\"https:\/\/www.lycee-escaut.fr\/wp-content\/uploads\/2026\/01\/20260110_154622.jpg 750w, https:\/\/www.lycee-escaut.fr\/wp-content\/uploads\/2026\/01\/20260110_154622-225x300.jpg 225w\" sizes=\"auto, (max-width: 750px) 100vw, 750px\" \/><\/figure>\n\n\n\n<figure class=\"wp-block-image size-large\"><img loading=\"lazy\" decoding=\"async\" width=\"800\" height=\"600\" data-id=\"3201\" src=\"https:\/\/www.lycee-escaut.fr\/wp-content\/uploads\/2026\/01\/IMG-20260120-WA0008.jpg\" alt=\"\" class=\"wp-image-3201\" srcset=\"https:\/\/www.lycee-escaut.fr\/wp-content\/uploads\/2026\/01\/IMG-20260120-WA0008.jpg 800w, https:\/\/www.lycee-escaut.fr\/wp-content\/uploads\/2026\/01\/IMG-20260120-WA0008-300x225.jpg 300w, https:\/\/www.lycee-escaut.fr\/wp-content\/uploads\/2026\/01\/IMG-20260120-WA0008-768x576.jpg 768w\" sizes=\"auto, (max-width: 800px) 100vw, 800px\" \/><\/figure>\n\n\n\n<figure class=\"wp-block-image size-large\"><img loading=\"lazy\" decoding=\"async\" width=\"800\" height=\"600\" data-id=\"3203\" src=\"https:\/\/www.lycee-escaut.fr\/wp-content\/uploads\/2026\/01\/IMG-20260120-WA0014.jpg\" alt=\"\" class=\"wp-image-3203\" srcset=\"https:\/\/www.lycee-escaut.fr\/wp-content\/uploads\/2026\/01\/IMG-20260120-WA0014.jpg 800w, https:\/\/www.lycee-escaut.fr\/wp-content\/uploads\/2026\/01\/IMG-20260120-WA0014-300x225.jpg 300w, https:\/\/www.lycee-escaut.fr\/wp-content\/uploads\/2026\/01\/IMG-20260120-WA0014-768x576.jpg 768w\" sizes=\"auto, (max-width: 800px) 100vw, 800px\" \/><\/figure>\n\n\n\n<figure class=\"wp-block-image size-large\"><img loading=\"lazy\" decoding=\"async\" width=\"768\" height=\"1024\" data-id=\"3347\" src=\"https:\/\/www.lycee-escaut.fr\/wp-content\/uploads\/2026\/01\/WhatsApp-Image-2026-02-05-at-07.10.37-768x1024.jpeg\" alt=\"\" class=\"wp-image-3347\" srcset=\"https:\/\/www.lycee-escaut.fr\/wp-content\/uploads\/2026\/01\/WhatsApp-Image-2026-02-05-at-07.10.37-768x1024.jpeg 768w, https:\/\/www.lycee-escaut.fr\/wp-content\/uploads\/2026\/01\/WhatsApp-Image-2026-02-05-at-07.10.37-225x300.jpeg 225w, https:\/\/www.lycee-escaut.fr\/wp-content\/uploads\/2026\/01\/WhatsApp-Image-2026-02-05-at-07.10.37-1152x1536.jpeg 1152w, https:\/\/www.lycee-escaut.fr\/wp-content\/uploads\/2026\/01\/WhatsApp-Image-2026-02-05-at-07.10.37.jpeg 1200w\" sizes=\"auto, (max-width: 768px) 100vw, 768px\" \/><\/figure>\n\n\n\n<figure class=\"wp-block-image size-large\"><img loading=\"lazy\" decoding=\"async\" width=\"1024\" height=\"1024\" data-id=\"3348\" src=\"https:\/\/www.lycee-escaut.fr\/wp-content\/uploads\/2026\/01\/WhatsApp-Image-2026-02-04-at-19.26.04-1024x1024.jpeg\" alt=\"\" class=\"wp-image-3348\" srcset=\"https:\/\/www.lycee-escaut.fr\/wp-content\/uploads\/2026\/01\/WhatsApp-Image-2026-02-04-at-19.26.04-1024x1024.jpeg 1024w, https:\/\/www.lycee-escaut.fr\/wp-content\/uploads\/2026\/01\/WhatsApp-Image-2026-02-04-at-19.26.04-300x300.jpeg 300w, https:\/\/www.lycee-escaut.fr\/wp-content\/uploads\/2026\/01\/WhatsApp-Image-2026-02-04-at-19.26.04-150x150.jpeg 150w, https:\/\/www.lycee-escaut.fr\/wp-content\/uploads\/2026\/01\/WhatsApp-Image-2026-02-04-at-19.26.04-768x768.jpeg 768w, https:\/\/www.lycee-escaut.fr\/wp-content\/uploads\/2026\/01\/WhatsApp-Image-2026-02-04-at-19.26.04-1536x1536.jpeg 1536w, https:\/\/www.lycee-escaut.fr\/wp-content\/uploads\/2026\/01\/WhatsApp-Image-2026-02-04-at-19.26.04-510x510.jpeg 510w, https:\/\/www.lycee-escaut.fr\/wp-content\/uploads\/2026\/01\/WhatsApp-Image-2026-02-04-at-19.26.04.jpeg 1600w\" sizes=\"auto, (max-width: 1024px) 100vw, 1024px\" \/><\/figure>\n<\/figure>\n","protected":false},"excerpt":{"rendered":"<p>La mobilit\u00e9 longue d\u2019un mois d\u2019In\u00e8s et Charlotte en Espagne, dans le cadre d\u2019Erasmus, s\u2019est d\u00e9roul\u00e9e dans d\u2019excellentes conditions. Accueillies par une famille h\u00f4te et accompagn\u00e9es par la professeure Aurora, elles ont am\u00e9lior\u00e9 leur espagnol, gagn\u00e9 en autonomie et confiance, et d\u00e9velopp\u00e9 une r\u00e9elle ouverture culturelle, enrichissant fortement leur parcours.<\/p>\n","protected":false},"author":3,"featured_media":3201,"comment_status":"closed","ping_status":"closed","sticky":false,"template":"","format":"standard","meta":{"footnotes":""},"categories":[3,22],"tags":[21],"class_list":{"0":"post-3200","1":"post","2":"type-post","3":"status-publish","4":"format-standard","5":"has-post-thumbnail","7":"category-actualites","8":"category-erasmus","9":"tag-erasmus","10":"czr-hentry"},"_links":{"self":[{"href":"https:\/\/www.lycee-escaut.fr\/index.php\/wp-json\/wp\/v2\/posts\/3200","targetHints":{"allow":["GET"]}}],"collection":[{"href":"https:\/\/www.lycee-escaut.fr\/index.php\/wp-json\/wp\/v2\/posts"}],"about":[{"href":"https:\/\/www.lycee-escaut.fr\/index.php\/wp-json\/wp\/v2\/types\/post"}],"author":[{"embeddable":true,"href":"https:\/\/www.lycee-escaut.fr\/index.php\/wp-json\/wp\/v2\/users\/3"}],"replies":[{"embeddable":true,"href":"https:\/\/www.lycee-escaut.fr\/index.php\/wp-json\/wp\/v2\/comments?post=3200"}],"version-history":[{"count":4,"href":"https:\/\/www.lycee-escaut.fr\/index.php\/wp-json\/wp\/v2\/posts\/3200\/revisions"}],"predecessor-version":[{"id":3352,"href":"https:\/\/www.lycee-escaut.fr\/index.php\/wp-json\/wp\/v2\/posts\/3200\/revisions\/3352"}],"wp:featuredmedia":[{"embeddable":true,"href":"https:\/\/www.lycee-escaut.fr\/index.php\/wp-json\/wp\/v2\/media\/3201"}],"wp:attachment":[{"href":"https:\/\/www.lycee-escaut.fr\/index.php\/wp-json\/wp\/v2\/media?parent=3200"}],"wp:term":[{"taxonomy":"category","embeddable":true,"href":"https:\/\/www.lycee-escaut.fr\/index.php\/wp-json\/wp\/v2\/categories?post=3200"},{"taxonomy":"post_tag","embeddable":true,"href":"https:\/\/www.lycee-escaut.fr\/index.php\/wp-json\/wp\/v2\/tags?post=3200"}],"curies":[{"name":"wp","href":"https:\/\/api.w.org\/{rel}","templated":true}]}}