{"id":3369,"date":"2026-03-12T17:50:18","date_gmt":"2026-03-12T16:50:18","guid":{"rendered":"https:\/\/www.lycee-escaut.fr\/?p=3369"},"modified":"2026-03-12T17:52:35","modified_gmt":"2026-03-12T16:52:35","slug":"intervention-de-lassociation-capital-filles-en-seconde-atelier-deconstruire-les-stereotypes-de-genre-pour-sorienter-librement","status":"publish","type":"post","link":"https:\/\/www.lycee-escaut.fr\/index.php\/2026\/03\/12\/intervention-de-lassociation-capital-filles-en-seconde-atelier-deconstruire-les-stereotypes-de-genre-pour-sorienter-librement\/","title":{"rendered":"Intervention de l\u2019association Capital Filles en Seconde : atelier \u00a0\u201cd\u00e9construire les st\u00e9r\u00e9otypes de genre pour s\u2019orienter librement\u201d"},"content":{"rendered":"\n<figure class=\"wp-block-gallery has-nested-images columns-default is-cropped wp-block-gallery-1 is-layout-flex wp-block-gallery-is-layout-flex\">\n<figure class=\"wp-block-image size-large\"><img loading=\"lazy\" decoding=\"async\" width=\"1024\" height=\"768\" data-id=\"3371\" src=\"https:\/\/www.lycee-escaut.fr\/wp-content\/uploads\/2026\/03\/20260310_153718-1024x768.jpg\" alt=\"\" class=\"wp-image-3371\" srcset=\"https:\/\/www.lycee-escaut.fr\/wp-content\/uploads\/2026\/03\/20260310_153718-1024x768.jpg 1024w, https:\/\/www.lycee-escaut.fr\/wp-content\/uploads\/2026\/03\/20260310_153718-300x225.jpg 300w, https:\/\/www.lycee-escaut.fr\/wp-content\/uploads\/2026\/03\/20260310_153718-768x576.jpg 768w, https:\/\/www.lycee-escaut.fr\/wp-content\/uploads\/2026\/03\/20260310_153718-1536x1152.jpg 1536w, https:\/\/www.lycee-escaut.fr\/wp-content\/uploads\/2026\/03\/20260310_153718-2048x1536.jpg 2048w\" sizes=\"auto, (max-width: 1024px) 100vw, 1024px\" \/><\/figure>\n\n\n\n<figure class=\"wp-block-image size-large\"><img loading=\"lazy\" decoding=\"async\" width=\"1024\" height=\"768\" data-id=\"3372\" src=\"https:\/\/www.lycee-escaut.fr\/wp-content\/uploads\/2026\/03\/20260310_154642-1024x768.jpg\" alt=\"\" class=\"wp-image-3372\" srcset=\"https:\/\/www.lycee-escaut.fr\/wp-content\/uploads\/2026\/03\/20260310_154642-1024x768.jpg 1024w, https:\/\/www.lycee-escaut.fr\/wp-content\/uploads\/2026\/03\/20260310_154642-300x225.jpg 300w, https:\/\/www.lycee-escaut.fr\/wp-content\/uploads\/2026\/03\/20260310_154642-768x576.jpg 768w, https:\/\/www.lycee-escaut.fr\/wp-content\/uploads\/2026\/03\/20260310_154642-1536x1152.jpg 1536w, https:\/\/www.lycee-escaut.fr\/wp-content\/uploads\/2026\/03\/20260310_154642-2048x1536.jpg 2048w\" sizes=\"auto, (max-width: 1024px) 100vw, 1024px\" \/><\/figure>\n<\/figure>\n\n\n\n<div class=\"wp-block-media-text is-stacked-on-mobile is-vertically-aligned-top\"><figure class=\"wp-block-media-text__media\"><img loading=\"lazy\" decoding=\"async\" width=\"1024\" height=\"768\" src=\"https:\/\/www.lycee-escaut.fr\/wp-content\/uploads\/2026\/03\/20260310_153654-1024x768.jpg\" alt=\"\" class=\"wp-image-3370 size-full\" srcset=\"https:\/\/www.lycee-escaut.fr\/wp-content\/uploads\/2026\/03\/20260310_153654-1024x768.jpg 1024w, https:\/\/www.lycee-escaut.fr\/wp-content\/uploads\/2026\/03\/20260310_153654-300x225.jpg 300w, https:\/\/www.lycee-escaut.fr\/wp-content\/uploads\/2026\/03\/20260310_153654-768x576.jpg 768w, https:\/\/www.lycee-escaut.fr\/wp-content\/uploads\/2026\/03\/20260310_153654-1536x1152.jpg 1536w, https:\/\/www.lycee-escaut.fr\/wp-content\/uploads\/2026\/03\/20260310_153654-2048x1536.jpg 2048w\" sizes=\"auto, (max-width: 1024px) 100vw, 1024px\" \/><\/figure><div class=\"wp-block-media-text__content\">\n<p>Dans le cadre des Cord\u00e9es de la R\u00e9ussite et de l&rsquo;Egalit\u00e9 Filles\/Gar\u00e7ons, Mme MADDALOZZO-CLERC, r\u00e9f\u00e9rente Cord\u00e9es du lyc\u00e9e de l&rsquo;Escaut de Valenciennes, a convi\u00e9 2 ambassadeurs de l\u2019association <em>Capital Filles<\/em> pour intervenir aupr\u00e8s d&rsquo;une vingtaine de lyc\u00e9ennes de Seconde lors d\u2019un atelier.<\/p>\n\n\n\n<p>L\u2019objectif de cette association, avec laquelle le lyc\u00e9e a sign\u00e9 un partenariat, est de sensibiliser les jeunes filles aux st\u00e9r\u00e9otypes de genre et aux biais sexistes, afin de favoriser l\u2019ambition et de renforcer la confiance en soi de chacune.<\/p>\n\n\n\n<p>Mme St\u00e9phanie MERCHIER, Responsable Retail Transition Energ\u00e9tique \u00e0 la Banque Populaire du Nord et M. Michel PIETTE, Responsable Research &amp; Development chez Vallourec, ambassadeurs pour <em>Capital Filles<\/em>, ont invit\u00e9 les participantes \u00e0 r\u00e9fl\u00e9chir au sexisme ambiant auquel elles sont expos\u00e9es, notamment \u00e0 travers les publicit\u00e9s. Ils leur ont ensuite montr\u00e9 les cons\u00e9quences de ces st\u00e9r\u00e9otypes sur les choix d\u2019orientation scolaire (sp\u00e9cialit\u00e9s, \u00e9tudes post-bac) et, plus largement, sur les carri\u00e8res professionnelles.<\/p>\n\n\n\n<p>Ils ont \u00e9galement partag\u00e9 leur exp\u00e9rience personnelle et professionnelle, avant de pr\u00e9senter le fonctionnement de l\u2019association et le dispositif \u00ab\u202fmarraine\/filleule\u202f\u00bb, auquel les participantes pourront, si elles le souhaitent, prendre part en Terminale.<\/p>\n\n\n\n<p>Cette intervention a donn\u00e9 lieu \u00e0 des \u00e9changes riches et \u00e0 des discussions anim\u00e9es, toujours dans un climat bienveillant et respectueux. Ils ont permis \u00e0 chaque participante de prendre conscience de la diversit\u00e9 des parcours possibles et de comprendre que les st\u00e9r\u00e9otypes de genre ne doivent en aucun cas freiner leurs ambitions, ni les emp\u00eacher d\u2019acc\u00e9der \u00e0 la place qu\u2019elles m\u00e9ritent.<\/p>\n\n\n\n<p>Un grand Merci \u00e0 tous les 2 et \u00e0 l&rsquo;Association Capital Filles !!! A l&rsquo;ann\u00e9e prochaine !!!<\/p>\n<\/div><\/div>\n","protected":false},"excerpt":{"rendered":"<p>Dans le cadre des Cord\u00e9es de la R\u00e9ussite, une vingtaine de lyc\u00e9ennes de Seconde du lyc\u00e9e de l\u2019Escaut ont particip\u00e9 \u00e0 un atelier anim\u00e9 par l\u2019association Capital Filles. Elles y ont travaill\u00e9 sur les st\u00e9r\u00e9otypes de genre, d\u00e9couvert leurs impacts sur l\u2019orientation et les carri\u00e8res, et se sont vu proposer un futur mentorat \u00ab marraine \/ filleule \u00bb.<\/p>\n","protected":false},"author":5,"featured_media":3371,"comment_status":"closed","ping_status":"closed","sticky":false,"template":"","format":"standard","meta":{"footnotes":""},"categories":[3],"tags":[],"class_list":{"0":"post-3369","1":"post","2":"type-post","3":"status-publish","4":"format-standard","5":"has-post-thumbnail","7":"category-actualites","8":"czr-hentry"},"_links":{"self":[{"href":"https:\/\/www.lycee-escaut.fr\/index.php\/wp-json\/wp\/v2\/posts\/3369","targetHints":{"allow":["GET"]}}],"collection":[{"href":"https:\/\/www.lycee-escaut.fr\/index.php\/wp-json\/wp\/v2\/posts"}],"about":[{"href":"https:\/\/www.lycee-escaut.fr\/index.php\/wp-json\/wp\/v2\/types\/post"}],"author":[{"embeddable":true,"href":"https:\/\/www.lycee-escaut.fr\/index.php\/wp-json\/wp\/v2\/users\/5"}],"replies":[{"embeddable":true,"href":"https:\/\/www.lycee-escaut.fr\/index.php\/wp-json\/wp\/v2\/comments?post=3369"}],"version-history":[{"count":3,"href":"https:\/\/www.lycee-escaut.fr\/index.php\/wp-json\/wp\/v2\/posts\/3369\/revisions"}],"predecessor-version":[{"id":3375,"href":"https:\/\/www.lycee-escaut.fr\/index.php\/wp-json\/wp\/v2\/posts\/3369\/revisions\/3375"}],"wp:featuredmedia":[{"embeddable":true,"href":"https:\/\/www.lycee-escaut.fr\/index.php\/wp-json\/wp\/v2\/media\/3371"}],"wp:attachment":[{"href":"https:\/\/www.lycee-escaut.fr\/index.php\/wp-json\/wp\/v2\/media?parent=3369"}],"wp:term":[{"taxonomy":"category","embeddable":true,"href":"https:\/\/www.lycee-escaut.fr\/index.php\/wp-json\/wp\/v2\/categories?post=3369"},{"taxonomy":"post_tag","embeddable":true,"href":"https:\/\/www.lycee-escaut.fr\/index.php\/wp-json\/wp\/v2\/tags?post=3369"}],"curies":[{"name":"wp","href":"https:\/\/api.w.org\/{rel}","templated":true}]}}