{"id":3376,"date":"2026-03-12T18:11:19","date_gmt":"2026-03-12T17:11:19","guid":{"rendered":"https:\/\/www.lycee-escaut.fr\/?p=3376"},"modified":"2026-03-12T18:11:56","modified_gmt":"2026-03-12T17:11:56","slug":"ceremonie-des-boursiers-du-nucleaire-les-etudiants-du-lycee-de-lescaut-salues-par-lumn","status":"publish","type":"post","link":"https:\/\/www.lycee-escaut.fr\/index.php\/2026\/03\/12\/ceremonie-des-boursiers-du-nucleaire-les-etudiants-du-lycee-de-lescaut-salues-par-lumn\/","title":{"rendered":"C\u00e9r\u00e9monie des boursiers du nucl\u00e9aire : les \u00e9tudiants du lyc\u00e9e de l\u2019Escaut salu\u00e9s par l\u2019UMN"},"content":{"rendered":"\n<p>Le mercredi 11 mars 2026, l\u2019Universit\u00e9 des M\u00e9tiers du Nucl\u00e9aire (UMN) organisait, au lyc\u00e9e Blaise-Pascal de Longuenesse, la c\u00e9r\u00e9monie de remise des attestations de bourse pour les laur\u00e9ats 2025-2026 de la r\u00e9gion Hauts-de-France. Les \u00e9tudiants boursiers \u00e9taient accompagn\u00e9s de leurs familles, des parrains issus des entreprises partenaires et des repr\u00e9sentants des \u00e9tablissements de formation. L\u2019\u00e9v\u00e9nement s\u2019est tenu en pr\u00e9sence d\u2019Anne Jancovici, Pr\u00e9sidente de l\u2019Universit\u00e9 des M\u00e9tiers du Nucl\u00e9aire.<\/p>\n\n\n\n<p>Les \u00e9tudiants du lyc\u00e9e de l\u2019Escaut de Valenciennes ont pris part \u00e0 cette c\u00e9r\u00e9monie aux c\u00f4t\u00e9s des autres laur\u00e9ats r\u00e9gionaux. Au cours des interventions, Mme Carole Chataigner, pour l\u2019UMN, a tenu \u00e0 saluer la qualit\u00e9 de leurs prestations, mettant en avant la solidit\u00e9 de leur engagement et la coh\u00e9rence de leurs parcours dans les formations industrielles du lyc\u00e9e.<\/p>\n\n\n\n<p>La c\u00e9r\u00e9monie a \u00e9galement mis en lumi\u00e8re l\u2019implication d\u2019un large panel d\u2019entreprises de la fili\u00e8re nucl\u00e9aire et industrielle, partenaires du dispositif de bourses et du parrainage des laur\u00e9ats. Leur pr\u00e9sence atteste de la n\u00e9cessit\u00e9 de d\u00e9velopper des comp\u00e9tences sp\u00e9cifiques pour r\u00e9pondre aux besoins du secteur et renforce les liens entre l\u2019UMN, les lyc\u00e9es technologiques et professionnels, et le tissu \u00e9conomique des Hauts-de-France.<\/p>\n\n\n\n<figure class=\"wp-block-gallery has-nested-images columns-default is-cropped wp-block-gallery-1 is-layout-flex wp-block-gallery-is-layout-flex\">\n<figure class=\"wp-block-image size-large\"><img loading=\"lazy\" decoding=\"async\" width=\"640\" height=\"480\" data-id=\"3378\" src=\"https:\/\/www.lycee-escaut.fr\/wp-content\/uploads\/2026\/03\/IMG_6900.jpeg\" alt=\"\" class=\"wp-image-3378\" srcset=\"https:\/\/www.lycee-escaut.fr\/wp-content\/uploads\/2026\/03\/IMG_6900.jpeg 640w, https:\/\/www.lycee-escaut.fr\/wp-content\/uploads\/2026\/03\/IMG_6900-300x225.jpeg 300w\" sizes=\"auto, (max-width: 640px) 100vw, 640px\" \/><\/figure>\n\n\n\n<figure class=\"wp-block-image size-large\"><img loading=\"lazy\" decoding=\"async\" width=\"640\" height=\"480\" data-id=\"3379\" src=\"https:\/\/www.lycee-escaut.fr\/wp-content\/uploads\/2026\/03\/IMG_6901.jpeg\" alt=\"\" class=\"wp-image-3379\" srcset=\"https:\/\/www.lycee-escaut.fr\/wp-content\/uploads\/2026\/03\/IMG_6901.jpeg 640w, https:\/\/www.lycee-escaut.fr\/wp-content\/uploads\/2026\/03\/IMG_6901-300x225.jpeg 300w\" sizes=\"auto, (max-width: 640px) 100vw, 640px\" \/><\/figure>\n\n\n\n<figure class=\"wp-block-image size-large\"><img loading=\"lazy\" decoding=\"async\" width=\"640\" height=\"480\" data-id=\"3377\" src=\"https:\/\/www.lycee-escaut.fr\/wp-content\/uploads\/2026\/03\/IMG_6899.jpeg\" alt=\"\" class=\"wp-image-3377\" srcset=\"https:\/\/www.lycee-escaut.fr\/wp-content\/uploads\/2026\/03\/IMG_6899.jpeg 640w, https:\/\/www.lycee-escaut.fr\/wp-content\/uploads\/2026\/03\/IMG_6899-300x225.jpeg 300w\" sizes=\"auto, (max-width: 640px) 100vw, 640px\" \/><\/figure>\n\n\n\n<figure class=\"wp-block-image size-large\"><img loading=\"lazy\" decoding=\"async\" width=\"640\" height=\"480\" data-id=\"3380\" src=\"https:\/\/www.lycee-escaut.fr\/wp-content\/uploads\/2026\/03\/IMG_6907.jpeg\" alt=\"\" class=\"wp-image-3380\" srcset=\"https:\/\/www.lycee-escaut.fr\/wp-content\/uploads\/2026\/03\/IMG_6907.jpeg 640w, https:\/\/www.lycee-escaut.fr\/wp-content\/uploads\/2026\/03\/IMG_6907-300x225.jpeg 300w\" sizes=\"auto, (max-width: 640px) 100vw, 640px\" \/><\/figure>\n\n\n\n<figure class=\"wp-block-image size-large\"><img loading=\"lazy\" decoding=\"async\" width=\"640\" height=\"480\" data-id=\"3382\" src=\"https:\/\/www.lycee-escaut.fr\/wp-content\/uploads\/2026\/03\/IMG_6908.jpeg\" alt=\"\" class=\"wp-image-3382\" srcset=\"https:\/\/www.lycee-escaut.fr\/wp-content\/uploads\/2026\/03\/IMG_6908.jpeg 640w, https:\/\/www.lycee-escaut.fr\/wp-content\/uploads\/2026\/03\/IMG_6908-300x225.jpeg 300w\" sizes=\"auto, (max-width: 640px) 100vw, 640px\" \/><\/figure>\n\n\n\n<figure class=\"wp-block-image size-large\"><img loading=\"lazy\" decoding=\"async\" width=\"640\" height=\"480\" data-id=\"3381\" src=\"https:\/\/www.lycee-escaut.fr\/wp-content\/uploads\/2026\/03\/IMG_6909.jpeg\" alt=\"\" class=\"wp-image-3381\" srcset=\"https:\/\/www.lycee-escaut.fr\/wp-content\/uploads\/2026\/03\/IMG_6909.jpeg 640w, https:\/\/www.lycee-escaut.fr\/wp-content\/uploads\/2026\/03\/IMG_6909-300x225.jpeg 300w\" sizes=\"auto, (max-width: 640px) 100vw, 640px\" \/><\/figure>\n\n\n\n<figure class=\"wp-block-image size-large\"><img loading=\"lazy\" decoding=\"async\" width=\"640\" height=\"480\" data-id=\"3383\" src=\"https:\/\/www.lycee-escaut.fr\/wp-content\/uploads\/2026\/03\/IMG_6912.jpeg\" alt=\"\" class=\"wp-image-3383\" srcset=\"https:\/\/www.lycee-escaut.fr\/wp-content\/uploads\/2026\/03\/IMG_6912.jpeg 640w, https:\/\/www.lycee-escaut.fr\/wp-content\/uploads\/2026\/03\/IMG_6912-300x225.jpeg 300w\" sizes=\"auto, (max-width: 640px) 100vw, 640px\" \/><\/figure>\n\n\n\n<figure class=\"wp-block-image size-large\"><img loading=\"lazy\" decoding=\"async\" width=\"640\" height=\"480\" data-id=\"3384\" src=\"https:\/\/www.lycee-escaut.fr\/wp-content\/uploads\/2026\/03\/IMG_6924.jpeg\" alt=\"\" class=\"wp-image-3384\" srcset=\"https:\/\/www.lycee-escaut.fr\/wp-content\/uploads\/2026\/03\/IMG_6924.jpeg 640w, https:\/\/www.lycee-escaut.fr\/wp-content\/uploads\/2026\/03\/IMG_6924-300x225.jpeg 300w\" sizes=\"auto, (max-width: 640px) 100vw, 640px\" \/><\/figure>\n<\/figure>\n","protected":false},"excerpt":{"rendered":"<p>Le 11 mars 2026, au lyc\u00e9e Blaise-Pascal de Longuenesse, les boursiers 2025-2026 de l\u2019Universit\u00e9 des M\u00e9tiers du Nucl\u00e9aire ont re\u00e7u leurs attestations en pr\u00e9sence d\u2019Anne Jancovici, Pr\u00e9sidente de l\u2019UMN. Les \u00e9tudiants du lyc\u00e9e de l\u2019Escaut y ont \u00e9t\u00e9 f\u00e9licit\u00e9s pour la qualit\u00e9 de leurs prestations, aux c\u00f4t\u00e9s des familles et des entreprises partenaires.<\/p>\n","protected":false},"author":5,"featured_media":3381,"comment_status":"closed","ping_status":"closed","sticky":false,"template":"","format":"standard","meta":{"footnotes":""},"categories":[3],"tags":[],"class_list":{"0":"post-3376","1":"post","2":"type-post","3":"status-publish","4":"format-standard","5":"has-post-thumbnail","7":"category-actualites","8":"czr-hentry"},"_links":{"self":[{"href":"https:\/\/www.lycee-escaut.fr\/index.php\/wp-json\/wp\/v2\/posts\/3376","targetHints":{"allow":["GET"]}}],"collection":[{"href":"https:\/\/www.lycee-escaut.fr\/index.php\/wp-json\/wp\/v2\/posts"}],"about":[{"href":"https:\/\/www.lycee-escaut.fr\/index.php\/wp-json\/wp\/v2\/types\/post"}],"author":[{"embeddable":true,"href":"https:\/\/www.lycee-escaut.fr\/index.php\/wp-json\/wp\/v2\/users\/5"}],"replies":[{"embeddable":true,"href":"https:\/\/www.lycee-escaut.fr\/index.php\/wp-json\/wp\/v2\/comments?post=3376"}],"version-history":[{"count":1,"href":"https:\/\/www.lycee-escaut.fr\/index.php\/wp-json\/wp\/v2\/posts\/3376\/revisions"}],"predecessor-version":[{"id":3385,"href":"https:\/\/www.lycee-escaut.fr\/index.php\/wp-json\/wp\/v2\/posts\/3376\/revisions\/3385"}],"wp:featuredmedia":[{"embeddable":true,"href":"https:\/\/www.lycee-escaut.fr\/index.php\/wp-json\/wp\/v2\/media\/3381"}],"wp:attachment":[{"href":"https:\/\/www.lycee-escaut.fr\/index.php\/wp-json\/wp\/v2\/media?parent=3376"}],"wp:term":[{"taxonomy":"category","embeddable":true,"href":"https:\/\/www.lycee-escaut.fr\/index.php\/wp-json\/wp\/v2\/categories?post=3376"},{"taxonomy":"post_tag","embeddable":true,"href":"https:\/\/www.lycee-escaut.fr\/index.php\/wp-json\/wp\/v2\/tags?post=3376"}],"curies":[{"name":"wp","href":"https:\/\/api.w.org\/{rel}","templated":true}]}}