{"id":3460,"date":"2026-04-27T16:55:29","date_gmt":"2026-04-27T14:55:29","guid":{"rendered":"https:\/\/www.lycee-escaut.fr\/?p=3460"},"modified":"2026-04-27T16:55:30","modified_gmt":"2026-04-27T14:55:30","slug":"une-eleve-du-lycee-de-lescaut-primee-au-concours-national-non-au-harcelement","status":"publish","type":"post","link":"https:\/\/www.lycee-escaut.fr\/index.php\/2026\/04\/27\/une-eleve-du-lycee-de-lescaut-primee-au-concours-national-non-au-harcelement\/","title":{"rendered":"Une \u00e9l\u00e8ve du Lyc\u00e9e de l\u2019Escaut prim\u00e9e au concours national \u00ab Non au harc\u00e8lement \u00bb"},"content":{"rendered":"\n<div class=\"wp-block-media-text is-stacked-on-mobile is-vertically-aligned-top\"><figure class=\"wp-block-media-text__media\"><img loading=\"lazy\" decoding=\"async\" width=\"777\" height=\"1024\" src=\"https:\/\/www.lycee-escaut.fr\/wp-content\/uploads\/2026\/04\/Prix-coup-de-coeur-2026-777x1024.png\" alt=\"\" class=\"wp-image-3461 size-full\" srcset=\"https:\/\/www.lycee-escaut.fr\/wp-content\/uploads\/2026\/04\/Prix-coup-de-coeur-2026-777x1024.png 777w, https:\/\/www.lycee-escaut.fr\/wp-content\/uploads\/2026\/04\/Prix-coup-de-coeur-2026-228x300.png 228w, https:\/\/www.lycee-escaut.fr\/wp-content\/uploads\/2026\/04\/Prix-coup-de-coeur-2026-768x1013.png 768w, https:\/\/www.lycee-escaut.fr\/wp-content\/uploads\/2026\/04\/Prix-coup-de-coeur-2026-1165x1536.png 1165w, https:\/\/www.lycee-escaut.fr\/wp-content\/uploads\/2026\/04\/Prix-coup-de-coeur-2026.png 1215w\" sizes=\"auto, (max-width: 777px) 100vw, 777px\" \/><\/figure><div class=\"wp-block-media-text__content\">\n<p>Dans le cadre du dispositif national pHARe, programme de lutte contre le harc\u00e8lement \u00e0 l\u2019\u00e9cole d\u00e9ploy\u00e9 dans tous les \u00e9tablissements scolaires, une \u00e9l\u00e8ve du Lyc\u00e9e de l\u2019Escaut vient d\u2019\u00eatre distingu\u00e9e au niveau national.<\/p>\n\n\n\n<p>CHARLEZ Julie, \u00e9l\u00e8ve en classe de 1G04, a en effet remport\u00e9 le prix \u00ab coup de c\u0153ur \u00bb de l\u2019affiche lors du concours annuel \u00ab Non au harc\u00e8lement \u00bb. Ce concours, organis\u00e9 par le minist\u00e8re de l\u2019\u00c9ducation nationale, r\u00e9compense les productions des \u00e9l\u00e8ves (affiches et vid\u00e9os) qui d\u00e9noncent le harc\u00e8lement et proposent des pistes de pr\u00e9vention.<\/p>\n\n\n\n<p>Ce travail a \u00e9t\u00e9 men\u00e9 avec l\u2019accompagnement de son professeur d\u2019histoire-g\u00e9ographie, Monsieur LIONNE. Ensemble, ils ont engag\u00e9 une r\u00e9flexion approfondie sur les m\u00e9canismes du harc\u00e8lement, la n\u00e9cessit\u00e9 de lib\u00e9rer la parole des victimes et le r\u00f4le de la communaut\u00e9 \u00e9ducative dans la construction d\u2019un climat scolaire plus protecteur.<\/p>\n\n\n\n<p>Au-del\u00e0 de la dimension artistique, la production de Julie s\u2019inscrit pleinement dans les objectifs du programme pHARe : \u00e9duquer pour pr\u00e9venir les ph\u00e9nom\u00e8nes de harc\u00e8lement, former une communaut\u00e9 protectrice autour des \u00e9l\u00e8ves et les mobiliser comme acteurs de la pr\u00e9vention, gr\u00e2ce \u00e0 des supports de communication impactants.<\/p>\n\n\n\n<p>L\u2019\u00e9tablissement adresse ses plus vives f\u00e9licitations \u00e0 Julie pour cette distinction nationale et remercie les \u00e9quipes p\u00e9dagogiques impliqu\u00e9es dans la mise en \u0153uvre quotidienne de la politique de pr\u00e9vention du harc\u00e8lement.<\/p>\n<\/div><\/div>\n","protected":false},"excerpt":{"rendered":"<p>Dans le cadre du programme pHARe, CHARLEZ Julie (1G04) a remport\u00e9 le prix \u00ab coup de c\u0153ur \u00bb de l\u2019affiche au concours national \u00ab Non au harc\u00e8lement \u00bb. Accompagn\u00e9e par son professeur d\u2019histoire-g\u00e9ographie, elle a cr\u00e9\u00e9 un support de pr\u00e9vention fort et engag\u00e9, qui illustre l\u2019implication du Lyc\u00e9e de l\u2019Escaut contre le harc\u00e8lement scolaire.<\/p>\n","protected":false},"author":5,"featured_media":3461,"comment_status":"closed","ping_status":"closed","sticky":false,"template":"","format":"standard","meta":{"footnotes":""},"categories":[3],"tags":[],"class_list":{"0":"post-3460","1":"post","2":"type-post","3":"status-publish","4":"format-standard","5":"has-post-thumbnail","7":"category-actualites","8":"czr-hentry"},"_links":{"self":[{"href":"https:\/\/www.lycee-escaut.fr\/index.php\/wp-json\/wp\/v2\/posts\/3460","targetHints":{"allow":["GET"]}}],"collection":[{"href":"https:\/\/www.lycee-escaut.fr\/index.php\/wp-json\/wp\/v2\/posts"}],"about":[{"href":"https:\/\/www.lycee-escaut.fr\/index.php\/wp-json\/wp\/v2\/types\/post"}],"author":[{"embeddable":true,"href":"https:\/\/www.lycee-escaut.fr\/index.php\/wp-json\/wp\/v2\/users\/5"}],"replies":[{"embeddable":true,"href":"https:\/\/www.lycee-escaut.fr\/index.php\/wp-json\/wp\/v2\/comments?post=3460"}],"version-history":[{"count":1,"href":"https:\/\/www.lycee-escaut.fr\/index.php\/wp-json\/wp\/v2\/posts\/3460\/revisions"}],"predecessor-version":[{"id":3462,"href":"https:\/\/www.lycee-escaut.fr\/index.php\/wp-json\/wp\/v2\/posts\/3460\/revisions\/3462"}],"wp:featuredmedia":[{"embeddable":true,"href":"https:\/\/www.lycee-escaut.fr\/index.php\/wp-json\/wp\/v2\/media\/3461"}],"wp:attachment":[{"href":"https:\/\/www.lycee-escaut.fr\/index.php\/wp-json\/wp\/v2\/media?parent=3460"}],"wp:term":[{"taxonomy":"category","embeddable":true,"href":"https:\/\/www.lycee-escaut.fr\/index.php\/wp-json\/wp\/v2\/categories?post=3460"},{"taxonomy":"post_tag","embeddable":true,"href":"https:\/\/www.lycee-escaut.fr\/index.php\/wp-json\/wp\/v2\/tags?post=3460"}],"curies":[{"name":"wp","href":"https:\/\/api.w.org\/{rel}","templated":true}]}}