{"id":793,"date":"2020-09-18T15:59:55","date_gmt":"2020-09-18T13:59:55","guid":{"rendered":"http:\/\/escaut.etab.ac-lille.fr\/?p=793"},"modified":"2020-09-18T15:59:55","modified_gmt":"2020-09-18T13:59:55","slug":"parcours-dexcellence-promotion-2020","status":"publish","type":"post","link":"https:\/\/www.lycee-escaut.fr\/index.php\/2020\/09\/18\/parcours-dexcellence-promotion-2020\/","title":{"rendered":"PARCOURS D&rsquo;EXCELLENCE PROMOTION 2020"},"content":{"rendered":"\n<p>Ce vendredi 18 septembre 2020, 13 \u00e9l\u00e8ves de Premi\u00e8re et 10 \u00e9l\u00e8ves de Terminale se sont vus remettre leurs attestations de participation 2019\/2020 au programme d&rsquo;ambition \u00ab\u00a0Ing\u00e9nieur, Je veux, Je peux\u00a0\u00bb attribu\u00e9es par l&rsquo;INSA Hauts-de-France et l&rsquo;Universit\u00e9 Polytechnique.<\/p>\n\n\n\n<p>Nous les f\u00e9licitons et les incitons \u00e0 poursuivre ces Cord\u00e9es de la R\u00e9ussite cette ann\u00e9e.<\/p>\n\n\n\n<p>Ce programme d&rsquo;ambition accompagne les lyc\u00e9ens volontaires pour leur apporter des comp\u00e9tences et des comportements nouveaux \u00e0 travers des ateliers et des sorties.<\/p>\n\n\n\n<p>La participation \u00e0 ce programme atteste de leur t\u00e9nacit\u00e9, volont\u00e9 de r\u00e9ussir, curiosit\u00e9, ouverture d&rsquo;esprit, ambition, sociabilit\u00e9 et autonomie.<\/p>\n\n\n\n<p>Mme Sylvie MADDALOZZO-CLERC, r\u00e9f\u00e9rente des Parcours d&rsquo;Excellence et des Cord\u00e9es de la R\u00e9ussite au Lyc\u00e9e de l&rsquo;Escaut<\/p>\n\n\n\n<p><\/p>\n\n\n\n<figure class=\"wp-block-image size-large\"><img decoding=\"async\" src=\"https:\/\/escaut.etab.ac-lille.fr\/files\/2020\/09\/20200918_151406-1024x768.jpg\" alt=\"\" class=\"wp-image-794\" \/><\/figure>\n\n\n\n<p><\/p>\n","protected":false},"excerpt":{"rendered":"<p>Ce vendredi 18 septembre 2020, 13 \u00e9l\u00e8ves de Premi\u00e8re et 10 \u00e9l\u00e8ves de Terminale se sont vus remettre leurs attestations de participation 2019\/2020 au programme d&rsquo;ambition \u00ab\u00a0Ing\u00e9nieur, Je veux, Je peux\u00a0\u00bb attribu\u00e9es par l&rsquo;INSA Hauts-de-France et l&rsquo;Universit\u00e9 Polytechnique. Nous les f\u00e9licitons et les incitons \u00e0 poursuivre ces Cord\u00e9es de la R\u00e9ussite cette ann\u00e9e. Ce programme [&hellip;]<\/p>\n","protected":false},"author":2,"featured_media":794,"comment_status":"open","ping_status":"open","sticky":false,"template":"","format":"standard","meta":{"footnotes":""},"categories":[10],"tags":[],"class_list":{"0":"post-793","1":"post","2":"type-post","3":"status-publish","4":"format-standard","5":"has-post-thumbnail","7":"category-la-vie-du-lycee","8":"czr-hentry"},"_links":{"self":[{"href":"https:\/\/www.lycee-escaut.fr\/index.php\/wp-json\/wp\/v2\/posts\/793","targetHints":{"allow":["GET"]}}],"collection":[{"href":"https:\/\/www.lycee-escaut.fr\/index.php\/wp-json\/wp\/v2\/posts"}],"about":[{"href":"https:\/\/www.lycee-escaut.fr\/index.php\/wp-json\/wp\/v2\/types\/post"}],"author":[{"embeddable":true,"href":"https:\/\/www.lycee-escaut.fr\/index.php\/wp-json\/wp\/v2\/users\/2"}],"replies":[{"embeddable":true,"href":"https:\/\/www.lycee-escaut.fr\/index.php\/wp-json\/wp\/v2\/comments?post=793"}],"version-history":[{"count":0,"href":"https:\/\/www.lycee-escaut.fr\/index.php\/wp-json\/wp\/v2\/posts\/793\/revisions"}],"wp:featuredmedia":[{"embeddable":true,"href":"https:\/\/www.lycee-escaut.fr\/index.php\/wp-json\/wp\/v2\/media\/794"}],"wp:attachment":[{"href":"https:\/\/www.lycee-escaut.fr\/index.php\/wp-json\/wp\/v2\/media?parent=793"}],"wp:term":[{"taxonomy":"category","embeddable":true,"href":"https:\/\/www.lycee-escaut.fr\/index.php\/wp-json\/wp\/v2\/categories?post=793"},{"taxonomy":"post_tag","embeddable":true,"href":"https:\/\/www.lycee-escaut.fr\/index.php\/wp-json\/wp\/v2\/tags?post=793"}],"curies":[{"name":"wp","href":"https:\/\/api.w.org\/{rel}","templated":true}]}}